{"id":129875,"date":"2026-01-08T17:51:09","date_gmt":"2026-01-08T17:51:09","guid":{"rendered":"https:\/\/www.europesays.com\/se\/129875\/"},"modified":"2026-01-08T17:51:09","modified_gmt":"2026-01-08T17:51:09","slug":"little-mix-artistens-stora-sorg-tvillingarna-svart-sjuka","status":"publish","type":"post","link":"https:\/\/www.europesays.com\/se\/129875\/","title":{"rendered":"Little Mix-artistens stora sorg\n\u2013\u00a0tvillingarna sv\u00e5rt sjuka"},"content":{"rendered":"<p>Publicerad 8 jan 2026 kl 18.12<\/p>\n<p>Jesy Nelson, tidigare stj\u00e4rna i brittiska Little Mix, delar nu med sig av sitt livs m\u00f6rkaste dagar till sina f\u00f6ljare.<\/p>\n<p>Tvillingd\u00f6ttrar har en allvarlig sjukdom och kanske aldrig kommer l\u00e4ra sig g\u00e5.<\/p>\n<p>\u2013 Utan behandling hade de inte blivit tv\u00e5 \u00e5r, s\u00e4ger hon.<\/p>\n<p>Se de senaste n\u00f6jesklippen fr\u00e5n Expressen<img loading=\"lazy\"   alt=\"\"\/><\/p>\n<p>Jesy Nelson, tv\u00e5a fr\u00e5n h\u00f6ger, var tidigare en av s\u00e5ngarna i det brittiska tjejbandet Little Mix.<\/p>\n<p>Foto: MILNE\/SILVERHUB\/REX\/SHUTTERSTOC \/ MILNE\/SILVERHUB\/REX\/SHUTTERSTOCK REX FEATURES<\/p>\n<p>\u00d6ppna bild i helsk\u00e4rm<img loading=\"lazy\"   alt=\"\"\/><\/p>\n<p>I en video p\u00e5 Instagram delar Jesy Nelson med sig av beskedet att hennes tvillingar \u00e4r allvarligt sjuka.<\/p>\n<p>\u00d6ppna bild i helsk\u00e4rm<img loading=\"lazy\"   alt=\"\"\/><\/p>\n<p>Jesy Nelson.<\/p>\n<p>Foto: WILL\/VANTAGENEWS.COM \/ STELLA PICTURES<\/p>\n<p>\u00d6ppna bild i helsk\u00e4rm<\/p>\n<p>Den 34-\u00e5riga s\u00e5ngaren Jesy Nelsons tvillingd\u00f6ttrar har diagnosticerats med SMA1.<\/p>\n<p>Det \u00e4r en s\u00e4llsynt genetisk sjukdom som bryter ner musklerna successivt.<\/p>\n<p>I en k\u00e4nslosam video p\u00e5 Instagram ber\u00e4ttar hon om sm\u00e4rtan och den tunga perioden hon g\u00e5r igenom.<\/p>\n<p>\u2013 De sista m\u00e5naderna har varit de mest hj\u00e4rtsk\u00e4rande i mitt liv. Det k\u00e4nns bokstavligen som att mitt liv har gjort en 360-gradersv\u00e4ndning, s\u00e4ger hon.<\/p>\n<p><a href=\"https:\/\/www.instagram.com\/p\/DTFcIARCLE1\/\" data-provider=\"instagram\" class=\"js-social-embed\" rel=\"nofollow noopener\" target=\"_blank\">https:\/\/www.instagram.com\/p\/DTFcIARCLE1\/<\/a><\/p>\n<p>D\u00f6ttrarna Ocean Jade och Story Monroe Nelson-Foster f\u00f6ddes tio veckor f\u00f6r tidigt, i maj 2025, efter en komplicerad graviditet.<\/p>\n<p>D\u00e5 hoppades Jesy och hennes f\u00e4stman Zion Foster att de v\u00e4rsta pr\u00f6vningarna var \u00f6ver.<\/p>\n<p>S\u00e5 blev det inte.<\/p>\n<p>I inl\u00e4gget som hon delat online ber\u00e4ttar hon om oron f\u00f6r framtiden, os\u00e4kerheten och l\u00e4karbes\u00f6ken som bara blir fler och fler.<\/p>\n<p>\u2013 Det har varit o\u00e4ndligt m\u00e5nga bes\u00f6k p\u00e5 sjukhus. Det k\u00e4nns som att sjukhuset \u00e4r mitt andra hem nu, s\u00e4ger hon i videon.<\/p>\n<p>Uppmaning till andra f\u00f6r\u00e4ldrar<\/p>\n<p>Hon f\u00f6rklarar hur hennes egen mamma f\u00f6rst m\u00e4rkte att d\u00f6ttrarna inte r\u00f6rde benen som de borde, vilket ledde till djupare medicinska utredningar och slutligen diagnosen SMA1.<\/p>\n<p>L\u00e4kare har ber\u00e4ttat f\u00f6r familjen att flickorna troligen aldrig kommer kunna g\u00e5 eller \u00e5terf\u00e5 full styrka i nacken, vilket betyder att de kan f\u00e5 best\u00e5ende funktionsneds\u00e4ttningar.<\/p>\n<p>Hon s\u00e4ger att behandlingar p\u00e5b\u00f6rjats och att de \u00e4r avg\u00f6rande f\u00f6r att ge tvillingarna en chans att \u00f6verleva \u2013 n\u00e5got som annars kan vara os\u00e4kert om sjukdomen inte uppt\u00e4cks och behandlas i tid.<\/p>\n<p>Hon hoppas att hennes video ska kunna hj\u00e4lpa andra f\u00f6r\u00e4ldrar.<\/p>\n<p>\u2013 Om n\u00e5gon d\u00e4r ute har sett de h\u00e4r tecknen p\u00e5 sina barn s\u00e5 sn\u00e4lla, sn\u00e4lla, ta ditt barn till l\u00e4karen. Ju fortare de f\u00e5r behandling desto b\u00e4ttre blir deras liv, s\u00e4ger hon i videon.<\/p>\n<p><script async src=\"\/\/www.instagram.com\/embed.js\"><\/script><\/p>\n","protected":false},"excerpt":{"rendered":"Publicerad 8 jan 2026 kl 18.12 Jesy Nelson, tidigare stj\u00e4rna i brittiska Little Mix, delar nu med sig&hellip;\n","protected":false},"author":2,"featured_media":129876,"comment_status":"","ping_status":"","sticky":false,"template":"","format":"standard","meta":{"footnotes":""},"categories":[67],"tags":[104,199,34,31,33,32,30,402,4771,1115,1739,105],"class_list":{"0":"post-129875","1":"post","2":"type-post","3":"status-publish","4":"format-standard","5":"has-post-thumbnail","7":"category-underhallning","8":"tag-entertainment","9":"tag-location-storbritannien","10":"tag-se","11":"tag-svenska","12":"tag-sverige","13":"tag-sweden","14":"tag-swedish","15":"tag-topic-artister","16":"tag-topic-barn","17":"tag-topic-barnhalsa","18":"tag-topic-kronisk-sjukdom","19":"tag-underhallning"},"share_on_mastodon":{"url":"https:\/\/pubeurope.com\/@se\/115860752489139125","error":""},"_links":{"self":[{"href":"https:\/\/www.europesays.com\/se\/wp-json\/wp\/v2\/posts\/129875","targetHints":{"allow":["GET"]}}],"collection":[{"href":"https:\/\/www.europesays.com\/se\/wp-json\/wp\/v2\/posts"}],"about":[{"href":"https:\/\/www.europesays.com\/se\/wp-json\/wp\/v2\/types\/post"}],"author":[{"embeddable":true,"href":"https:\/\/www.europesays.com\/se\/wp-json\/wp\/v2\/users\/2"}],"replies":[{"embeddable":true,"href":"https:\/\/www.europesays.com\/se\/wp-json\/wp\/v2\/comments?post=129875"}],"version-history":[{"count":0,"href":"https:\/\/www.europesays.com\/se\/wp-json\/wp\/v2\/posts\/129875\/revisions"}],"wp:featuredmedia":[{"embeddable":true,"href":"https:\/\/www.europesays.com\/se\/wp-json\/wp\/v2\/media\/129876"}],"wp:attachment":[{"href":"https:\/\/www.europesays.com\/se\/wp-json\/wp\/v2\/media?parent=129875"}],"wp:term":[{"taxonomy":"category","embeddable":true,"href":"https:\/\/www.europesays.com\/se\/wp-json\/wp\/v2\/categories?post=129875"},{"taxonomy":"post_tag","embeddable":true,"href":"https:\/\/www.europesays.com\/se\/wp-json\/wp\/v2\/tags?post=129875"}],"curies":[{"name":"wp","href":"https:\/\/api.w.org\/{rel}","templated":true}]}}