{"id":129896,"date":"2026-01-08T18:20:10","date_gmt":"2026-01-08T18:20:10","guid":{"rendered":"https:\/\/www.europesays.com\/se\/129896\/"},"modified":"2026-01-08T18:20:10","modified_gmt":"2026-01-08T18:20:10","slug":"ryssland-och-frankrike-har-vaxlat-fangar","status":"publish","type":"post","link":"https:\/\/www.europesays.com\/se\/129896\/","title":{"rendered":"Ryssland och Frankrike har v\u00e4xlat f\u00e5ngar"},"content":{"rendered":"<p class=\"boxtextgrotesk-root_baa6 hyperion-css-7pajle\">Uppdaterad 15.05 | Publicerad 14.54<\/p>\n<p>share-arrowDela<\/p>\n<p>unsaveSpara<\/p>\n<p>expand-left<\/p>\n<p>helsk\u00e4rm<img decoding=\"async\" class=\"image-asset hyperion-css-u06ts1\" data-test-tag=\"image-asset\" src=\"https:\/\/www.europesays.com\/se\/wp-content\/uploads\/2026\/01\/d5aa0dd7-e6e2-4d78-ae4e-c8c5ac4af5b0.jpeg\"  alt=\"Den franske forskaren Laurent Vinatier uppges ha utv\u00e4xlats. Bild fr\u00e5n en r\u00e4ttssal i Moskva i oktober 2024.\"  loading=\"eager\" fetchpriority=\"high\" style=\"aspect-ratio:1900 \/ 1267\"\/>Den franske forskaren Laurent Vinatier uppges ha utv\u00e4xlats. Bild fr\u00e5n en r\u00e4ttssal i Moskva i oktober 2024. Foto: Pavel Bednyakov\/AP\/TT<\/p>\n<p class=\"hyperion-css-1shl3oz\" data-test-tag=\"lead-text\">Ryssland har sl\u00e4ppt en fransk forskare, rapporterar nyhetsbyr\u00e5n AFP.<\/p>\n<p class=\"hyperion-css-1v9qo5x\">Det r\u00f6r sig enligt ryska statliga medier om Laurent Vinatier, som arbetar f\u00f6r en schweizisk organisation och f\u00e4ngslades f\u00f6r p\u00e5st\u00e5tt spionage i Ryssland 2024. Han d\u00f6mdes i oktober 2024 till tre \u00e5r i rysk straffkoloni.<\/p>\n<p class=\"hyperion-css-1v9qo5x\">I geng\u00e4ld uppges Frankrike ha sl\u00e4ppt en rysk basketspelare. Enligt uppgift greps han i Frankrike i fjol, p\u00e5 beg\u00e4ran av USA som misst\u00e4nker att han ing\u00e5r i ett hackern\u00e4tverk som riktat attacker mot amerikanska f\u00f6retag och federala institutioner.<\/p>\n<p class=\"hyperion-css-1v9qo5x\">I december rapporterades Moskva ha lagt fram \u201dett f\u00f6rslag\u201d till Paris ang\u00e5ende Laurent Vinatier.<\/p>\n","protected":false},"excerpt":{"rendered":"Uppdaterad 15.05 | Publicerad 14.54 share-arrowDela unsaveSpara expand-left helsk\u00e4rmDen franske forskaren Laurent Vinatier uppges ha utv\u00e4xlats. Bild fr\u00e5n&hellip;\n","protected":false},"author":2,"featured_media":129897,"comment_status":"","ping_status":"","sticky":false,"template":"","format":"standard","meta":{"footnotes":""},"categories":[14],"tags":[22,23,26,27,17,21,24,25,28,29,15,16,18,34,31,33,32,30,19,20,51,52,53,54],"class_list":{"0":"post-129896","1":"post","2":"type-post","3":"status-publish","4":"format-standard","5":"has-post-thumbnail","7":"category-varlden","8":"tag-breaking-news","9":"tag-breakingnews","10":"tag-featured-news","11":"tag-featurednews","12":"tag-headlines","13":"tag-huvudnyheter","14":"tag-latest-news","15":"tag-latestnews","16":"tag-main-news","17":"tag-mainnews","18":"tag-news","19":"tag-nyheter","20":"tag-rubriker","21":"tag-se","22":"tag-svenska","23":"tag-sverige","24":"tag-sweden","25":"tag-swedish","26":"tag-top-stories","27":"tag-topstories","28":"tag-varlden","29":"tag-world","30":"tag-world-news","31":"tag-worldnews"},"share_on_mastodon":{"url":"https:\/\/pubeurope.com\/@se\/115860866532134851","error":""},"_links":{"self":[{"href":"https:\/\/www.europesays.com\/se\/wp-json\/wp\/v2\/posts\/129896","targetHints":{"allow":["GET"]}}],"collection":[{"href":"https:\/\/www.europesays.com\/se\/wp-json\/wp\/v2\/posts"}],"about":[{"href":"https:\/\/www.europesays.com\/se\/wp-json\/wp\/v2\/types\/post"}],"author":[{"embeddable":true,"href":"https:\/\/www.europesays.com\/se\/wp-json\/wp\/v2\/users\/2"}],"replies":[{"embeddable":true,"href":"https:\/\/www.europesays.com\/se\/wp-json\/wp\/v2\/comments?post=129896"}],"version-history":[{"count":0,"href":"https:\/\/www.europesays.com\/se\/wp-json\/wp\/v2\/posts\/129896\/revisions"}],"wp:featuredmedia":[{"embeddable":true,"href":"https:\/\/www.europesays.com\/se\/wp-json\/wp\/v2\/media\/129897"}],"wp:attachment":[{"href":"https:\/\/www.europesays.com\/se\/wp-json\/wp\/v2\/media?parent=129896"}],"wp:term":[{"taxonomy":"category","embeddable":true,"href":"https:\/\/www.europesays.com\/se\/wp-json\/wp\/v2\/categories?post=129896"},{"taxonomy":"post_tag","embeddable":true,"href":"https:\/\/www.europesays.com\/se\/wp-json\/wp\/v2\/tags?post=129896"}],"curies":[{"name":"wp","href":"https:\/\/api.w.org\/{rel}","templated":true}]}}