{"id":129902,"date":"2026-01-08T18:30:08","date_gmt":"2026-01-08T18:30:08","guid":{"rendered":"https:\/\/www.europesays.com\/se\/129902\/"},"modified":"2026-01-08T18:30:08","modified_gmt":"2026-01-08T18:30:08","slug":"usas-senat-kraver-godkannande-infor-nya-attacker","status":"publish","type":"post","link":"https:\/\/www.europesays.com\/se\/129902\/","title":{"rendered":"USA:s senat kr\u00e4ver godk\u00e4nnande inf\u00f6r nya attacker"},"content":{"rendered":"<p class=\"boxtextgrotesk-root_baa6 hyperion-css-7pajle\">Uppdaterad 19.11 | Publicerad 18.55<\/p>\n<p>share-arrowDela<\/p>\n<p>unsaveSpara<\/p>\n<p>expand-left<\/p>\n<p>helsk\u00e4rm<img decoding=\"async\" class=\"image-asset hyperion-css-u06ts1\" data-test-tag=\"image-asset\" src=\"https:\/\/www.europesays.com\/se\/wp-content\/uploads\/2026\/01\/d63ab1f1-b531-47e3-be10-01620ed5a757.jpeg\"  alt=\"Den republikanske senatorn Rand Paul \u00e4r mycket kritisk mot president Donald Trumps beslut att attackera Venezuela utan att f\u00f6rst f\u00e5 kongressens godk\u00e4nnande. Arkivbild.\"  loading=\"eager\" fetchpriority=\"high\" style=\"aspect-ratio:1900 \/ 1267\"\/>Den republikanske senatorn Rand Paul \u00e4r mycket kritisk mot president Donald Trumps beslut att attackera Venezuela utan att f\u00f6rst f\u00e5 kongressens godk\u00e4nnande. Arkivbild. Foto: Mark Schiefelbein\/AP\/TT<\/p>\n<p class=\"hyperion-css-1shl3oz\" data-test-tag=\"lead-text\">Den amerikanska senaten har r\u00f6stat f\u00f6r att stoppa ytterligare fientligheter mot Venezuela utan att kongressen f\u00f6rst ger sitt godk\u00e4nnande.<\/p>\n<p class=\"hyperion-css-1shl3oz\" data-test-tag=\"lead-text\">Tilltaget f\u00e5r president Donald Trump att rasa mot sina partikamrater.<\/p>\n<p class=\"hyperion-css-1v9qo5x\">Resolutionen, som lades fram av oppositionspartiet Demokraterna och gick igenom med st\u00f6d av fem republikaner, kan bli slutligt antagen under n\u00e4sta vecka. Den ska dock mest ses som symbolisk eftersom den v\u00e4ntas m\u00f6ta h\u00e5rt motst\u00e5nd i representanthuset, och Donald Trump har m\u00f6jlighet att stoppa den med sitt veto.<\/p>\n<p class=\"hyperion-css-1v9qo5x\">Senatorn Rand Paul, som var en av de fem republikanerna, s\u00e4ger att \u201dingen best\u00e4mmelse i konstitutionen ger presidenten s\u00e5dan makt\u201d att \u201dbomba ett annat lands huvudstad och avs\u00e4tta dess ledare\u201d.<\/p>\n<p class=\"hyperion-css-1v9qo5x\">Trump skriver p\u00e5 sin plattform Truth Social att Republikanerna \u201dborde sk\u00e4mmas\u201d \u00f6ver de fem republikaner som r\u00f6stat med Demokraterna, och att omr\u00f6stningen \u201dkraftigt f\u00f6rsvagar USA:s sj\u00e4lvf\u00f6rsvar och nationella s\u00e4kerhet och h\u00e4mmar presidentens auktoritet som \u00f6verbef\u00e4lhavare\u201d.<\/p>\n","protected":false},"excerpt":{"rendered":"Uppdaterad 19.11 | Publicerad 18.55 share-arrowDela unsaveSpara expand-left helsk\u00e4rmDen republikanske senatorn Rand Paul \u00e4r mycket kritisk mot president&hellip;\n","protected":false},"author":2,"featured_media":129903,"comment_status":"","ping_status":"","sticky":false,"template":"","format":"standard","meta":{"footnotes":""},"categories":[5],"tags":[22,23,26,27,17,21,24,25,28,29,15,16,18,34,31,33,32,30,19,20],"class_list":{"0":"post-129902","1":"post","2":"type-post","3":"status-publish","4":"format-standard","5":"has-post-thumbnail","7":"category-rubriker","8":"tag-breaking-news","9":"tag-breakingnews","10":"tag-featured-news","11":"tag-featurednews","12":"tag-headlines","13":"tag-huvudnyheter","14":"tag-latest-news","15":"tag-latestnews","16":"tag-main-news","17":"tag-mainnews","18":"tag-news","19":"tag-nyheter","20":"tag-rubriker","21":"tag-se","22":"tag-svenska","23":"tag-sverige","24":"tag-sweden","25":"tag-swedish","26":"tag-top-stories","27":"tag-topstories"},"share_on_mastodon":{"url":"https:\/\/pubeurope.com\/@se\/115860905872269361","error":""},"_links":{"self":[{"href":"https:\/\/www.europesays.com\/se\/wp-json\/wp\/v2\/posts\/129902","targetHints":{"allow":["GET"]}}],"collection":[{"href":"https:\/\/www.europesays.com\/se\/wp-json\/wp\/v2\/posts"}],"about":[{"href":"https:\/\/www.europesays.com\/se\/wp-json\/wp\/v2\/types\/post"}],"author":[{"embeddable":true,"href":"https:\/\/www.europesays.com\/se\/wp-json\/wp\/v2\/users\/2"}],"replies":[{"embeddable":true,"href":"https:\/\/www.europesays.com\/se\/wp-json\/wp\/v2\/comments?post=129902"}],"version-history":[{"count":0,"href":"https:\/\/www.europesays.com\/se\/wp-json\/wp\/v2\/posts\/129902\/revisions"}],"wp:featuredmedia":[{"embeddable":true,"href":"https:\/\/www.europesays.com\/se\/wp-json\/wp\/v2\/media\/129903"}],"wp:attachment":[{"href":"https:\/\/www.europesays.com\/se\/wp-json\/wp\/v2\/media?parent=129902"}],"wp:term":[{"taxonomy":"category","embeddable":true,"href":"https:\/\/www.europesays.com\/se\/wp-json\/wp\/v2\/categories?post=129902"},{"taxonomy":"post_tag","embeddable":true,"href":"https:\/\/www.europesays.com\/se\/wp-json\/wp\/v2\/tags?post=129902"}],"curies":[{"name":"wp","href":"https:\/\/api.w.org\/{rel}","templated":true}]}}