{"id":129922,"date":"2026-01-08T19:03:08","date_gmt":"2026-01-08T19:03:08","guid":{"rendered":"https:\/\/www.europesays.com\/se\/129922\/"},"modified":"2026-01-08T19:03:08","modified_gmt":"2026-01-08T19:03:08","slug":"tunnlar-och-kallare-kan-bli-skyddsrum-vid-krig-2","status":"publish","type":"post","link":"https:\/\/www.europesays.com\/se\/129922\/","title":{"rendered":"Tunnlar och k\u00e4llare kan bli skyddsrum vid krig"},"content":{"rendered":"<p>Kriget i Ukraina har visat att det inte bara finns behov av skyddsrum utan \u00e4ven andra utrymmen d\u00e4r m\u00e4nniskor kan s\u00f6ka skydd. Regeringen f\u00f6resl\u00e5r d\u00e4rf\u00f6r att s\u00e5 kallade skyddade utrymmen inf\u00f6rs som nytt skyddsalternativ.<\/p>\n<p>\u2013 Det skulle kunna handla om stora v\u00e4gtunnlar, det skulle kunna handla om tunnelbanestationer precis p\u00e5 det s\u00e4tt som vi har sett den h\u00e4r typen av utrymmen komma till anv\u00e4ndning i krigets Ukraina, s\u00e4ger Carl-Oskar Bohlin (M), minister f\u00f6r civilt f\u00f6rsvar.<\/p>\n","protected":false},"excerpt":{"rendered":"Kriget i Ukraina har visat att det inte bara finns behov av skyddsrum utan \u00e4ven andra utrymmen d\u00e4r&hellip;\n","protected":false},"author":2,"featured_media":129923,"comment_status":"","ping_status":"","sticky":false,"template":"","format":"standard","meta":{"footnotes":""},"categories":[12],"tags":[22,23,26,27,17,21,24,25,28,29,15,16,18,34,31,33,32,30,19,20],"class_list":{"0":"post-129922","1":"post","2":"type-post","3":"status-publish","4":"format-standard","5":"has-post-thumbnail","7":"category-sverige","8":"tag-breaking-news","9":"tag-breakingnews","10":"tag-featured-news","11":"tag-featurednews","12":"tag-headlines","13":"tag-huvudnyheter","14":"tag-latest-news","15":"tag-latestnews","16":"tag-main-news","17":"tag-mainnews","18":"tag-news","19":"tag-nyheter","20":"tag-rubriker","21":"tag-se","22":"tag-svenska","23":"tag-sverige","24":"tag-sweden","25":"tag-swedish","26":"tag-top-stories","27":"tag-topstories"},"share_on_mastodon":{"url":"https:\/\/pubeurope.com\/@se\/115861035561075035","error":""},"_links":{"self":[{"href":"https:\/\/www.europesays.com\/se\/wp-json\/wp\/v2\/posts\/129922","targetHints":{"allow":["GET"]}}],"collection":[{"href":"https:\/\/www.europesays.com\/se\/wp-json\/wp\/v2\/posts"}],"about":[{"href":"https:\/\/www.europesays.com\/se\/wp-json\/wp\/v2\/types\/post"}],"author":[{"embeddable":true,"href":"https:\/\/www.europesays.com\/se\/wp-json\/wp\/v2\/users\/2"}],"replies":[{"embeddable":true,"href":"https:\/\/www.europesays.com\/se\/wp-json\/wp\/v2\/comments?post=129922"}],"version-history":[{"count":0,"href":"https:\/\/www.europesays.com\/se\/wp-json\/wp\/v2\/posts\/129922\/revisions"}],"wp:featuredmedia":[{"embeddable":true,"href":"https:\/\/www.europesays.com\/se\/wp-json\/wp\/v2\/media\/129923"}],"wp:attachment":[{"href":"https:\/\/www.europesays.com\/se\/wp-json\/wp\/v2\/media?parent=129922"}],"wp:term":[{"taxonomy":"category","embeddable":true,"href":"https:\/\/www.europesays.com\/se\/wp-json\/wp\/v2\/categories?post=129922"},{"taxonomy":"post_tag","embeddable":true,"href":"https:\/\/www.europesays.com\/se\/wp-json\/wp\/v2\/tags?post=129922"}],"curies":[{"name":"wp","href":"https:\/\/api.w.org\/{rel}","templated":true}]}}