{"id":129925,"date":"2026-01-08T19:12:07","date_gmt":"2026-01-08T19:12:07","guid":{"rendered":"https:\/\/www.europesays.com\/se\/129925\/"},"modified":"2026-01-08T19:12:07","modified_gmt":"2026-01-08T19:12:07","slug":"suveran-seger-for-elvira-i-damernas-sprint","status":"publish","type":"post","link":"https:\/\/www.europesays.com\/se\/129925\/","title":{"rendered":"Suver\u00e4n seger f\u00f6r Elvira i damernas sprint!"},"content":{"rendered":"<p class=\"normal\"><strong>Damer sprint<\/strong><\/p>\n<p class=\"normal\"><strong>Elvira \u00d6berg <\/strong>hade tredje tid p\u00e5 det f\u00f6rsta varvet och l\u00e4mnade vallen som tv\u00e5a efter fullt i det liggande skyttet, fyra sekunder bakom <strong>Suvi Minkkinen <\/strong>fr\u00e5n Finland. P\u00e5 mellanrundan plockade hon in n\u00e5gra sekunder med andra \u00e5ktid och lyckades sedan nolla \u00e4ven i st\u00e5ende. Efter det felfria skyttet hade Elvira fortfarande knappt fem sekunder upp till finskan, men var snabbt f\u00f6rbi med b\u00e4sta \u00e5ktid p\u00e5 slutvarvet och vann till sist \u00f6verl\u00e4gset med 21 sekunders marginal i m\u00e5l. I sp\u00e5ret var 26-\u00e5ringen fr\u00e5n Pite\u00e5 \u00e4ven snabbast sammanlagt, 17 sekunder f\u00f6re fransyskan <strong>Oceane Michelon <\/strong>och imponerade stort b\u00e5de d\u00e4r och p\u00e5 skjutvallen d\u00e4r hon k\u00e4ndes s\u00e4ker och fokuserat. Det \u00e4r dessutom ett inspirerande utg\u00e5ngsl\u00e4ge f\u00f6r henne i jaktstarten d\u00e4r hon g\u00e5r ut i ensamt majest\u00e4t. Stort grattis Elvira till en suver\u00e4n uppvisning och s\u00e4songens f\u00f6rsta seger!<\/p>\n<p class=\"normal\">\u2013 \u00c4ntligen, jag \u00e4r s\u00e5 himla stolt \u00f6ver hur jag genomf\u00f6r den h\u00e4r t\u00e4vlingen, sa en lycklig och l\u00e4ttad <strong>Elvira \u00d6berg <\/strong>till SVT Sport efter segern:<\/p>\n<p class=\"normal\">\u2013 Jag kanske har kn\u00e4ckt koden och fokuserat p\u00e5 mitt, fortsatte Elvira som har en tendens att \u00f6veranalysera och nu \u00e4ndrade i uppl\u00e4gget inf\u00f6r t\u00e4vlingen och inte ville ha n\u00e5gra mellantider och inte funderade \u00f6ver resultatet och tog ett skott i taget.<\/p>\n<p class=\"normal\">\u2013 Jag \u00e5kte snabbare och snabbare och det var nog nyckeln f\u00f6r att inte f\u00f6rivra sig.<\/p>\n<p class=\"normal\">Efter fj\u00e4rde tid p\u00e5 v\u00e4gen till det liggande skyttet f\u00f6ljt av fem fulltr\u00e4ffar var <strong>Anna Magnusson <\/strong>bara fem sekunder fr\u00e5n t\u00e4ten som trea. Hon fick d\u00e4remot sl\u00e4ppa fem konkurrenter f\u00f6rbi sig p\u00e5 mellanrundan och \u00e5kte d\u00e4refter p\u00e5 en bom i st\u00e5ende. Det gjorde att Anna f\u00f6ll till 11:e plats, men avancerade starkt p\u00e5 slutvarvet till \u00e5ttonde plats i m\u00e5l &#8211; en minut fr\u00e5n segern. Pite\u00e5karen har verkligen blivit stabil den h\u00e4r s\u00e4songen och tappade inte mer \u00e4n 34 sekunder mot snabbaste \u00e5kare p\u00e5 de tre varven. Anna har dessutom inte mer \u00e4n en dryg halvminut upp till pallen inf\u00f6r l\u00f6rdagens j\u00e4mna och sp\u00e4nnande jaktstart och har alla m\u00f6jligheter att kl\u00e4ttra mot toppen med fortsatt stabilt skytte.<\/p>\n<p class=\"normal\"><strong>Anna-Karin Heijdenberg <\/strong>hade sj\u00e4tte \u00e5ktid p\u00e5 det f\u00f6rsta varvet, men fick problem med gev\u00e4rsluckan och tappade tid. \u00c4nd\u00e5 satte hon alla skotten i liggande och l\u00e4mnade vallen p\u00e5 nionde plats, 13 sekunder bakom <strong>Suvi Minkkinen<\/strong>. Anna-Karin fortsatte med fj\u00e4rde tid och avancerade fyra placeringar, men \u00e5kte p\u00e5 en bom i det st\u00e5ende skyttet och f\u00f6ll till 10:e plats. Trots att hon mattades mot slutet h\u00f6ll svenskan sin placering och den tredje b\u00e4sta placeringen under karri\u00e4ren, fyra sekunder bakom Anna. I sp\u00e5ret var Anna-Karin d\u00e4remot drygt fyra sekunder snabbare med 11:e \u00e5ktid totalt, en halvminut efter Elvira.<\/p>\n<p class=\"normal\">Tack vare en nolla p\u00e5 24 sekunder i det inledande skyttet l\u00e5g <strong>Hanna \u00d6berg <\/strong>p\u00e5 fj\u00e4rde plats, tv\u00e5 sekunder bakom Anna. P\u00e5 mellanrundan h\u00f6ll hon sin placering efter nionde \u00e5ktid, men missade tv\u00e5 skott i st\u00e5ende och f\u00f6ll till 16:e plats. Hanna tog sig \u00e4nd\u00e5 f\u00f6rbi tre \u00e5kare p\u00e5 slutvarvet och hamnade p\u00e5 13:e plats i m\u00e5l, \u00e5tta sekunder bakom Anna-Karin. \u00c5km\u00e4ssigt tappade hon sammanlagt 33 sekunder mot Elvira, men hade tredje skjuttid efter tv\u00e5 serier p\u00e5 48 sekunder och var delad etta totalt p\u00e5 vallen.<\/p>\n<p class=\"normal\"><strong>Linn Gestblom <\/strong>var tillbaka efter att ha st\u00e5tt \u00f6ver sista t\u00e4vlingshelgen innan jul. Hon var bara 12 sekunder fr\u00e5n t\u00e4ten inf\u00f6r det liggande skyttet, men missade ett skott och l\u00e4mnade vallen som 36:a. P\u00e5 det andra varvet kl\u00e4ttrade Linn 11 placeringar, men \u00e5kte p\u00e5 en bom \u00e4ven i st\u00e5ende och var 29:a ut p\u00e5 slutrundan. D\u00e4r tog hon sig f\u00f6rbi fyra \u00e5kare till 24:e plats i m\u00e5l, 1,32 bakom Elvira &#8211; och i sp\u00e5ret var Linn 42 sekunder l\u00e5ngsammare \u00e4n sin segrande landslagskompis efter ett klart godk\u00e4nt lopp.<\/p>\n<p class=\"normal\">Det blev en tung dag f\u00f6r <strong>Sara Andersson <\/strong>som missade ett skott i det inledande skyttet och \u00e5kte p\u00e5 ytterligare tre bom i st\u00e5ende. Hon hamnade till sist p\u00e5 89:e plats i m\u00e5l, 4,14 fr\u00e5n segern &#8211; och tappade totalt 2,20 mot snabbaste \u00e5kare.<\/p>\n<p class=\"normal\">P\u00e5 l\u00f6rdag forts\u00e4tter V\u00e4rldscupen i Oberhof med herrarnas jaktstart kl. 12.00, f\u00f6ljt av damernas stafett kl. 14.25.<\/p>\n<p class=\"normal\"><strong>Text och analys: L-G Alsenius<\/strong><\/p>\n","protected":false},"excerpt":{"rendered":"Damer sprint Elvira \u00d6berg hade tredje tid p\u00e5 det f\u00f6rsta varvet och l\u00e4mnade vallen som tv\u00e5a efter fullt&hellip;\n","protected":false},"author":2,"featured_media":129926,"comment_status":"","ping_status":"","sticky":false,"template":"","format":"standard","meta":{"footnotes":""},"categories":[5],"tags":[22,23,26,27,17,21,24,25,28,29,15,16,18,34,31,33,32,30,19,20],"class_list":{"0":"post-129925","1":"post","2":"type-post","3":"status-publish","4":"format-standard","5":"has-post-thumbnail","7":"category-rubriker","8":"tag-breaking-news","9":"tag-breakingnews","10":"tag-featured-news","11":"tag-featurednews","12":"tag-headlines","13":"tag-huvudnyheter","14":"tag-latest-news","15":"tag-latestnews","16":"tag-main-news","17":"tag-mainnews","18":"tag-news","19":"tag-nyheter","20":"tag-rubriker","21":"tag-se","22":"tag-svenska","23":"tag-sverige","24":"tag-sweden","25":"tag-swedish","26":"tag-top-stories","27":"tag-topstories"},"share_on_mastodon":{"url":"https:\/\/pubeurope.com\/@se\/115861070956929280","error":""},"_links":{"self":[{"href":"https:\/\/www.europesays.com\/se\/wp-json\/wp\/v2\/posts\/129925","targetHints":{"allow":["GET"]}}],"collection":[{"href":"https:\/\/www.europesays.com\/se\/wp-json\/wp\/v2\/posts"}],"about":[{"href":"https:\/\/www.europesays.com\/se\/wp-json\/wp\/v2\/types\/post"}],"author":[{"embeddable":true,"href":"https:\/\/www.europesays.com\/se\/wp-json\/wp\/v2\/users\/2"}],"replies":[{"embeddable":true,"href":"https:\/\/www.europesays.com\/se\/wp-json\/wp\/v2\/comments?post=129925"}],"version-history":[{"count":0,"href":"https:\/\/www.europesays.com\/se\/wp-json\/wp\/v2\/posts\/129925\/revisions"}],"wp:featuredmedia":[{"embeddable":true,"href":"https:\/\/www.europesays.com\/se\/wp-json\/wp\/v2\/media\/129926"}],"wp:attachment":[{"href":"https:\/\/www.europesays.com\/se\/wp-json\/wp\/v2\/media?parent=129925"}],"wp:term":[{"taxonomy":"category","embeddable":true,"href":"https:\/\/www.europesays.com\/se\/wp-json\/wp\/v2\/categories?post=129925"},{"taxonomy":"post_tag","embeddable":true,"href":"https:\/\/www.europesays.com\/se\/wp-json\/wp\/v2\/tags?post=129925"}],"curies":[{"name":"wp","href":"https:\/\/api.w.org\/{rel}","templated":true}]}}