{"id":129933,"date":"2026-01-08T19:20:09","date_gmt":"2026-01-08T19:20:09","guid":{"rendered":"https:\/\/www.europesays.com\/se\/129933\/"},"modified":"2026-01-08T19:20:09","modified_gmt":"2026-01-08T19:20:09","slug":"kristerssons-stod-till-busch-efter-avkladda-fejkbilden-pa-x","status":"publish","type":"post","link":"https:\/\/www.europesays.com\/se\/129933\/","title":{"rendered":"Kristerssons st\u00f6d till Busch efter avkl\u00e4dda fejkbilden p\u00e5 X"},"content":{"rendered":"<p>Publicerad 8 jan 2026 kl 17.01Uppdaterad kl 17.06<\/p>\n<p>Den fejkade bikinibilden p\u00e5 Ebba Busch har lett till h\u00e5rd kritik mot Elon Musks X.<\/p>\n<p>Nu st\u00f6ttas KD-ledaren av statsminister Ulf Kristersson (M).<\/p>\n<p>\u2013 Jag tycker det \u00e4r f\u00f6rf\u00e4rligt, s\u00e4ger han.<\/p>\n<p><img   alt=\"\"\/><\/p>\n<p>KD-ledaren Ebba Busch.<\/p>\n<p>Foto: FREDRIK WENNERLUND \/ STELLA PICTURES<\/p>\n<p>\u00d6ppna bild i helsk\u00e4rm<img loading=\"lazy\"   alt=\"\"\/><\/p>\n<p>\u201dF\u00f6rf\u00e4rligt\u201d, s\u00e4ger Ulf Kristersson om de avkl\u00e4dda fejkbilderna.<\/p>\n<p>Foto: Christine Olsson\/TT<\/p>\n<p>\u00d6ppna bild i helsk\u00e4rm<img loading=\"lazy\"   alt=\"\"\/><\/p>\n<p>Den riktiga bilden p\u00e5 KD-ledaren, som en anv\u00e4ndare bad X-chattboten att manipulera.<\/p>\n<p>Foto: Frankie Fouganthin\/wiki<\/p>\n<p>\u00d6ppna bild i helsk\u00e4rm<img loading=\"lazy\"   alt=\"\"\/><\/p>\n<p>Den fejkade AI-bilden p\u00e5 Ebba Busch.<\/p>\n<p>\u00d6ppna bild i helsk\u00e4rm<\/p>\n<p>Den <a href=\"https:\/\/www.expressen.se\/nyheter\/politik\/kd-toppens-ilska-efter-ai-bilden-pa-ebba-busch\" rel=\"nofollow noopener\" target=\"_blank\">AI-genererade fejkbilden p\u00e5 Ebba Busch<\/a> i bikini har f\u00e5tt stor spridning p\u00e5 X.<\/p>\n<p>KD-ledaren \u00e4r inte den enda som drabbats \u2013 p\u00e5 X finns m\u00e4ngder av sexualiserade AI-bilder p\u00e5 kvinnor och barn som skapats med chattboten Grok.<\/p>\n<p>F\u00f6r det f\u00e5r plattformen h\u00e5rd kritik fr\u00e5n flera svenska politiker.<\/p>\n<p>Ocks\u00e5 statsminister <a href=\"https:\/\/www.expressen.se\/tagg\/person\/ulf-kristersson\/\" class=\"\" rel=\"nofollow noopener\" target=\"_blank\">Ulf Kristersson<\/a> v\u00e4nder sig emot fenomenet. Han har sj\u00e4lv \u201dnaturligtvis\u201d pratat med Busch, sa han n\u00e4r han m\u00f6tte journalister under torsdagen.<\/p>\n<p>\u2013 Osmakligt. Oacceptabelt. Kr\u00e4nkande, s\u00e4ger han om det hon drabbats av.<\/p>\n<p>Kristersson h\u00e4nvisar till ett p\u00e5g\u00e5ende arbete i EU f\u00f6r att stoppa liknande h\u00e4ndelser och menar att akt\u00f6rerna bakom AI-verktygen har ett stort ansvar.<\/p>\n<p>\u2013 Det h\u00e4r tycker jag \u00e4r ett slags sexualiserat v\u00e5ld, s\u00e4ger han.<\/p>\n<p>Anv\u00e4nder sj\u00e4lva X<\/p>\n<p>Ocks\u00e5 <a href=\"https:\/\/www.expressen.se\/nyheter\/politik\/kd-toppens-ilska-efter-ai-bilden-pa-ebba-busch\" rel=\"nofollow noopener\" target=\"_blank\">KDU-ordf\u00f6randen Louise Hammargren<\/a> och Liberalernas partiledare Simona Mohamsson \u00e4r starkt kritiska.<\/p>\n<p>\u201dSom kvinna \u00e4r man inte fredad n\u00e5gonstans. Nu anv\u00e4nds AI-verktyg f\u00f6r att trakassera och uts\u00e4tta kvinnor f\u00f6r sexualiserat v\u00e5ld. Det h\u00e4r visar varf\u00f6r EU beh\u00f6vs f\u00f6r att utkr\u00e4va ansvar fr\u00e5n techj\u00e4ttar som Elon Musks X\u201d, skriver Mohamsson p\u00e5 plattformen.<\/p>\n<p>Samtidigt \u00e4r toppolitikerna sj\u00e4lva fortsatt aktiva p\u00e5 just X.<\/p>\n<p>\u2013 Jag anv\u00e4nder sj\u00e4lv X f\u00f6r att sprida st\u00e5ndpunkter f\u00f6r att komma ut snabbt. Det \u00e4r det verktyg som \u00e4r mest spritt, sen f\u00e5r var och en ta st\u00e4llning till om man tycker det \u00e4r l\u00e4mpligt att vara p\u00e5 den plattformen eller inte, s\u00e4ger Ulf Kristersson.<\/p>\n","protected":false},"excerpt":{"rendered":"Publicerad 8 jan 2026 kl 17.01Uppdaterad kl 17.06 Den fejkade bikinibilden p\u00e5 Ebba Busch har lett till h\u00e5rd&hellip;\n","protected":false},"author":2,"featured_media":129934,"comment_status":"","ping_status":"","sticky":false,"template":"","format":"standard","meta":{"footnotes":""},"categories":[5],"tags":[22,23,26,27,17,21,24,25,28,29,15,16,2172,874,530,18,34,583,31,33,32,30,19,64,1242,966,20],"class_list":{"0":"post-129933","1":"post","2":"type-post","3":"status-publish","4":"format-standard","5":"has-post-thumbnail","7":"category-rubriker","8":"tag-breaking-news","9":"tag-breakingnews","10":"tag-featured-news","11":"tag-featurednews","12":"tag-headlines","13":"tag-huvudnyheter","14":"tag-latest-news","15":"tag-latestnews","16":"tag-main-news","17":"tag-mainnews","18":"tag-news","19":"tag-nyheter","20":"tag-organization-x","21":"tag-person-ebba-busch","22":"tag-person-ulf-kristersson","23":"tag-rubriker","24":"tag-se","25":"tag-sections-politik","26":"tag-svenska","27":"tag-sverige","28":"tag-sweden","29":"tag-swedish","30":"tag-top-stories","31":"tag-topic-artificiell-intelligens","32":"tag-topic-sexualbrott","33":"tag-topic-sociala-medier","34":"tag-topstories"},"share_on_mastodon":{"url":"https:\/\/pubeurope.com\/@se\/115861102438163160","error":""},"_links":{"self":[{"href":"https:\/\/www.europesays.com\/se\/wp-json\/wp\/v2\/posts\/129933","targetHints":{"allow":["GET"]}}],"collection":[{"href":"https:\/\/www.europesays.com\/se\/wp-json\/wp\/v2\/posts"}],"about":[{"href":"https:\/\/www.europesays.com\/se\/wp-json\/wp\/v2\/types\/post"}],"author":[{"embeddable":true,"href":"https:\/\/www.europesays.com\/se\/wp-json\/wp\/v2\/users\/2"}],"replies":[{"embeddable":true,"href":"https:\/\/www.europesays.com\/se\/wp-json\/wp\/v2\/comments?post=129933"}],"version-history":[{"count":0,"href":"https:\/\/www.europesays.com\/se\/wp-json\/wp\/v2\/posts\/129933\/revisions"}],"wp:featuredmedia":[{"embeddable":true,"href":"https:\/\/www.europesays.com\/se\/wp-json\/wp\/v2\/media\/129934"}],"wp:attachment":[{"href":"https:\/\/www.europesays.com\/se\/wp-json\/wp\/v2\/media?parent=129933"}],"wp:term":[{"taxonomy":"category","embeddable":true,"href":"https:\/\/www.europesays.com\/se\/wp-json\/wp\/v2\/categories?post=129933"},{"taxonomy":"post_tag","embeddable":true,"href":"https:\/\/www.europesays.com\/se\/wp-json\/wp\/v2\/tags?post=129933"}],"curies":[{"name":"wp","href":"https:\/\/api.w.org\/{rel}","templated":true}]}}