{"id":129937,"date":"2026-01-08T19:27:26","date_gmt":"2026-01-08T19:27:26","guid":{"rendered":"https:\/\/www.europesays.com\/se\/129937\/"},"modified":"2026-01-08T19:27:26","modified_gmt":"2026-01-08T19:27:26","slug":"simona-mohamsson-tar-emot-utredning-om-vinst-i-skolan","status":"publish","type":"post","link":"https:\/\/www.europesays.com\/se\/129937\/","title":{"rendered":"Simona Mohamsson tar emot utredning om vinst i skolan"},"content":{"rendered":"<p>&#13;<br \/>\nFredag den 9 januari kl. 11.00 tar utbildnings- och integrationsminister Simona Mohamsson emot slutbet\u00e4nkandet fr\u00e5n Utredningen om vinst i skolan. I samband med \u00f6verl\u00e4mningen h\u00e5lls en presstr\u00e4ff tillsammans med den s\u00e4rskilde utredaren Joakim Stymne.<\/p>\n<p>            &#13;<br \/>\n                <strong>Tid:<\/strong>&#13;<br \/>\n&#13;<br \/>\n        9 januari 2026 kl. 11.00<br \/>&#13;<br \/>\n&#13;<br \/>\n                <strong>Plats:<\/strong>&#13;<br \/>\nF\u00f6ranm\u00e4lda journalister kan delta p\u00e5 plats i Lilla pressrummet, kvarteret Bj\u00f6rnen. Ing\u00e5ng via R\u00f6dbodgatan 6.                <\/p>\n<p>&#13;<br \/>\n                    <strong>Praktisk information:<\/strong>&#13;<br \/>\n                    Obligatorisk f\u00f6ranm\u00e4lan senast fredag den 9 januari kl. 10.00 via e-post till Linnea Ilbring, se presskontakt nedan. Ange namn, redaktion och i vilken funktion du vill delta (reporter eller fotograf) samt bekr\u00e4fta att du har giltig presslegitimation, och vilken organisation som utf\u00e4rdat den. Presslegitimationen ska du sedan visa vid inpassering.&#13;\n                <\/p>\n<p>Inpassering fr\u00e5n kl. 10.30. Deltagande sker i m\u00e5n av plats.<\/p>\n","protected":false},"excerpt":{"rendered":"&#13; Fredag den 9 januari kl. 11.00 tar utbildnings- och integrationsminister Simona Mohamsson emot slutbet\u00e4nkandet fr\u00e5n Utredningen om&hellip;\n","protected":false},"author":2,"featured_media":67452,"comment_status":"","ping_status":"","sticky":false,"template":"","format":"standard","meta":{"footnotes":""},"categories":[12],"tags":[22,23,26,27,17,21,24,25,28,29,15,16,18,34,31,33,32,30,19,20],"class_list":{"0":"post-129937","1":"post","2":"type-post","3":"status-publish","4":"format-standard","5":"has-post-thumbnail","7":"category-sverige","8":"tag-breaking-news","9":"tag-breakingnews","10":"tag-featured-news","11":"tag-featurednews","12":"tag-headlines","13":"tag-huvudnyheter","14":"tag-latest-news","15":"tag-latestnews","16":"tag-main-news","17":"tag-mainnews","18":"tag-news","19":"tag-nyheter","20":"tag-rubriker","21":"tag-se","22":"tag-svenska","23":"tag-sverige","24":"tag-sweden","25":"tag-swedish","26":"tag-top-stories","27":"tag-topstories"},"share_on_mastodon":{"url":"https:\/\/pubeurope.com\/@se\/115861130060432180","error":""},"_links":{"self":[{"href":"https:\/\/www.europesays.com\/se\/wp-json\/wp\/v2\/posts\/129937","targetHints":{"allow":["GET"]}}],"collection":[{"href":"https:\/\/www.europesays.com\/se\/wp-json\/wp\/v2\/posts"}],"about":[{"href":"https:\/\/www.europesays.com\/se\/wp-json\/wp\/v2\/types\/post"}],"author":[{"embeddable":true,"href":"https:\/\/www.europesays.com\/se\/wp-json\/wp\/v2\/users\/2"}],"replies":[{"embeddable":true,"href":"https:\/\/www.europesays.com\/se\/wp-json\/wp\/v2\/comments?post=129937"}],"version-history":[{"count":0,"href":"https:\/\/www.europesays.com\/se\/wp-json\/wp\/v2\/posts\/129937\/revisions"}],"wp:featuredmedia":[{"embeddable":true,"href":"https:\/\/www.europesays.com\/se\/wp-json\/wp\/v2\/media\/67452"}],"wp:attachment":[{"href":"https:\/\/www.europesays.com\/se\/wp-json\/wp\/v2\/media?parent=129937"}],"wp:term":[{"taxonomy":"category","embeddable":true,"href":"https:\/\/www.europesays.com\/se\/wp-json\/wp\/v2\/categories?post=129937"},{"taxonomy":"post_tag","embeddable":true,"href":"https:\/\/www.europesays.com\/se\/wp-json\/wp\/v2\/tags?post=129937"}],"curies":[{"name":"wp","href":"https:\/\/api.w.org\/{rel}","templated":true}]}}