{"id":129938,"date":"2026-01-08T19:28:08","date_gmt":"2026-01-08T19:28:08","guid":{"rendered":"https:\/\/www.europesays.com\/se\/129938\/"},"modified":"2026-01-08T19:28:08","modified_gmt":"2026-01-08T19:28:08","slug":"vilma-andersson-styckade-kroppen-i-badkaret-efter-mordet","status":"publish","type":"post","link":"https:\/\/www.europesays.com\/se\/129938\/","title":{"rendered":"Vilma Andersson styckade kroppen i badkaret efter mordet"},"content":{"rendered":"<p>Polisen gjorde en hemlig husrannsakan hemma hos Vilma Andersson under spaningen \u2013 men missade att kroppen fanns i bostaden, enligt Expressens uppgifter.<\/p>\n<p>Expressen kan nu ber\u00e4tta flera nya uppgifter inifr\u00e5n utredningen.<\/p>\n<p>\uffed\uffed\uffed Vilma Anderssons f\u00f6rberedelser.<\/p>\n<p>\uffed\uffed\uffed Detaljen som fick polisen att sl\u00e5 till.<\/p>\n<p>Senaste nyhetsklippen fr\u00e5n Expressen.<img   alt=\"\"\/><\/p>\n<p>Kvinnan var p\u00e5 v\u00e4g hem fr\u00e5n pendelt\u00e5get i R\u00f6nninge n\u00e4r Vilma Andersson (bilden) kom.<\/p>\n<p>Foto: Polisen<\/p>\n<p>\u00d6ppna bild i helsk\u00e4rm<img loading=\"lazy\"   alt=\"\"\/><\/p>\n<p>Polisen p\u00e5 plats vid attefallshuset som Vilma Andersson hyrde. Bilden \u00e4r fr\u00e5n kv\u00e4llen 29 december.<\/p>\n<p>Foto: Janne \u00c5kesson\/Swepix<\/p>\n<p>\u00d6ppna bild i helsk\u00e4rm<img loading=\"lazy\"   alt=\"\"\/><\/p>\n<p>Minnesstund och ljusmanifestation i Sk\u00f6nviksparken i b\u00f6rjan av januari till minne av kvinnan som m\u00f6rdades i R\u00f6nninge.<\/p>\n<p>Foto: Caisa Rasmussen\/TT<\/p>\n<p>\u00d6ppna bild i helsk\u00e4rm<img loading=\"lazy\"   alt=\"\"\/><\/p>\n<p>R\u00f6nninge.<\/p>\n<p>Foto: PATRIK \u00d6STERBERG \/ STELLA PICTURES<\/p>\n<p>\u00d6ppna bild i helsk\u00e4rm<\/p>\n<p>Den 25-\u00e5riga kvinnan <a href=\"https:\/\/www.expressen.se\/nyheter\/sverige\/mordet-pa-25-arig-kvinna-i-ronninge-fyra-punkter\/\" rel=\"nofollow noopener\" target=\"_blank\">var p\u00e5 v\u00e4g hem fr\u00e5n pendelt\u00e5get<\/a> i R\u00f6nninge natten till annandagen n\u00e4r hon pl\u00f6tsligt \u00f6verf\u00f6lls av Vilma Andersson, enligt polisens misstankar.<\/p>\n<p>Vilma Andersson sitter h\u00e4ktad misst\u00e4nkt f\u00f6r mord och grovt gravfridsbrott. Han har erk\u00e4nt grovt gravfridsbrott, men inte mord.<\/p>\n<p>Expressen kan nu ber\u00e4tta flera nya uppgifter, inifr\u00e5n polisens utredning.<\/p>\n<p>Det har h\u00e4nt \u2013 mordet i R\u00f6nninge<\/p>\n<p>\u2022 En 25-\u00e5rig kvinna f\u00f6rsvann natten till annandagen i R\u00f6nninge i Salems kommun.<\/p>\n<p>\u2022 P\u00e5 l\u00f6rdagen den 27 december hittades kvinnan d\u00f6d i ett skogsomr\u00e5de.<\/p>\n<p>\u2022 26-\u00e5rige Vilma Andersson \u00e4r h\u00e4ktad misst\u00e4nkt f\u00f6r mord och grovt gravfridsbrott.<\/p>\n<p>\u2022 Han f\u00f6rnekar mord, men erk\u00e4nner sig skyldig till grovt gravfridsbrott.<\/p>\n<p>\u2022 Andersson har tidigare d\u00f6mts f\u00f6r f\u00f6rs\u00f6k till m\u00e4nniskorov. I samband med det hittade polisen stora m\u00e4ngder barnpornografi i 26-\u00e5ringens dator.<\/p>\n<p>\u2022 Motivet till mordet \u00e4r oklart. Enligt \u00e5klagaren tyder allt p\u00e5 att Andersson valt ut sitt offer slumpm\u00e4ssigt.<\/p>\n<p>Visa merF\u00f6rberedelserna<\/p>\n<p>Teorin \u00e4r att Vilma Andersson gett sig ut planl\u00f6st f\u00f6r att hitta sitt offer.<\/p>\n<p>Bland annat ska han ha tittat p\u00e5 brottsdokument\u00e4rer innan han \u00e5kte hemifr\u00e5n. Han hade ocks\u00e5 s\u00f6kt p\u00e5 hur man kommer undan med mord, enligt Expressens uppgifter.<\/p>\n<p>Vilma Andersson satt i sin bil och spanade \u2013 mobiltelefonen hade han l\u00e4mnat hemma. Enligt misstankarna f\u00f6r att undvika att l\u00e4mna digitala sp\u00e5r.<\/p>\n<p>\u00d6verfallet<\/p>\n<p>N\u00e4r han fick syn p\u00e5 den 25-\u00e5riga kvinnan k\u00f6rde han fram och blockerade v\u00e4gen f\u00f6r henne, enligt misstankarna. Vilma Andersson var d\u00e5 bev\u00e4pnad med hammare och buntband.<\/p>\n<p>Enligt Expressens uppgifter str\u00f6ps kvinnan i samband med \u00f6verfallet.<\/p>\n<p>Anh\u00f6riga, som var ute och letade efter kvinnan p\u00e5 annandagen, hittade hammare och buntband p\u00e5 marken. De larmade polisen om det, och fynden skickades d\u00e5 med expressfart till NFC som fick DNA-tr\u00e4ff.<\/p>\n<p>Sp\u00e5ren ledde till Vilma Andersson.<\/p>\n<p><img loading=\"lazy\"   alt=\"\"\/><\/p>\n<p>Polisen sp\u00e4rrar av och s\u00e4krar sp\u00e5r i R\u00f6nninge p\u00e5 annandagen efter larmet om f\u00f6rsvinnandet.<\/p>\n<p>Foto: Nils Petter Nilsson\/TT<\/p>\n<p>\u00d6ppna bild i helsk\u00e4rmHemlig husrannsakan<\/p>\n<p>Efter att man f\u00e5tt DNA-tr\u00e4ffen p\u00e5 Vilma Andersson inleddes en spaningsinsats. Polisen jobbade utifr\u00e5n att den f\u00f6rsvunna kvinnan var vid liv, och utredde fallet som misst\u00e4nkt m\u00e4nniskorov.<\/p>\n<p>I det arbetet gjorde polisen en hemlig husrannsakan i Vilma Anderssons hem \u2013 ett attefallshus han hyrde \u2013 n\u00e4r han var p\u00e5 sitt jobb.<\/p>\n<p>Polisen spanade p\u00e5 26-\u00e5ringen i hopp om att han skulle leda dem till offret.<\/p>\n<p>\u2013 Han jobbade [&#8230;] samtidigt som han begick det h\u00e4r fruktansv\u00e4rda d\u00e5det, har en person med insyn i f\u00f6retaget <a href=\"https:\/\/www.expressen.se\/nyheter\/sverige\/uppgifter-vilma-andersson-slog--till-gick-till-jobbet-nasta-dag\/\" rel=\"nofollow noopener\" target=\"_blank\">sagt<\/a>.<\/p>\n<p>Pesonen sa att Vilma Andersson:<\/p>\n<p>\u2013 &#8230; var sminkad som vanligt och han var som vanligt och satt och \u00e5t i den gemensamma matsalen.<\/p>\n<p><img loading=\"lazy\"   alt=\"\"\/><\/p>\n<p>Vilma Andersson jobbade f\u00f6r flera \u00e5kerier. H\u00e4r levererar han varor i mars 2024.<\/p>\n<p>\u00d6ppna bild i helsk\u00e4rmDetaljen som fick polisen att sl\u00e5 till<\/p>\n<p>Efter att ha varit p\u00e5 jobbet kom Vilma Andersson tillbaka hem.<\/p>\n<p>P\u00e5 distans f\u00f6ljde polisen n\u00e4r han kom ut fr\u00e5n sin bostad, utrustad med bland annat en spade som han packade in i bilen. Man f\u00f6ljde honom n\u00e4r han gick ut till ett skogsparti och b\u00f6rjade gr\u00e4va, erfar Expressen.<\/p>\n<p>Annons<\/p>\n<p>Det h\u00e4r fick polisen att inse att det var offret som han planerade att gr\u00e4va ned.<\/p>\n<p>D\u00e5 best\u00e4mde sig polisen f\u00f6r att sl\u00e5 till och grep Vilma Andersson p\u00e5 bar g\u00e4rning. Redan d\u00e4r erk\u00e4nde han delar av brottsmisstankarna.<\/p>\n<p>Polisen missade kroppen i bostaden<\/p>\n<p>N\u00e4r polisen gjorde en ny husrannsakan i bostaden hittade de kroppsdelar i kylsk\u00e5pet.<\/p>\n<p>Teorin \u00e4r att Vilma Andersson m\u00f6rdat kvinnan, f\u00f6rt henne till sin bostad och styckat kroppen i badkaret, f\u00f6r att sedan f\u00f6rs\u00f6ka gr\u00e4va ner den.<\/p>\n<p>Kroppsdelarna hade inte uppt\u00e4ckts av polisen n\u00e4r de gjorde sin f\u00f6rsta husrannsakan i jakt p\u00e5 den f\u00f6rsvunna kvinnan.<\/p>\n<p>Fynden i mobiltelefonen<\/p>\n<p>Enligt uppgifter hittades stora m\u00e4ngder barnpornografi och nekrofili i Vilma Anderssons telefon. Fynden tyder p\u00e5 att han verkar ha haft en fascination f\u00f6r unga tjejer, erfar Expressen.<\/p>\n<p><img loading=\"lazy\"   alt=\"\"\/><\/p>\n<p>Avsp\u00e4rrningar runt attefallshuset Vilma Andersson hyrde.<\/p>\n<p>Foto: Janne \u00c5kesson\/Swepix<\/p>\n<p>\u00d6ppna bild i helsk\u00e4rm<img alt=\"\"\/>Ljudklippet gick inte att spela upp<\/p>\n<p>F\u00f6rs\u00f6k igen senare<\/p>\n","protected":false},"excerpt":{"rendered":"Polisen gjorde en hemlig husrannsakan hemma hos Vilma Andersson under spaningen \u2013 men missade att kroppen fanns i&hellip;\n","protected":false},"author":2,"featured_media":129939,"comment_status":"","ping_status":"","sticky":false,"template":"","format":"standard","meta":{"footnotes":""},"categories":[5],"tags":[22,23,26,27,17,21,24,25,28,29,15,12855,16,18,34,666,31,33,32,30,19,136,20],"class_list":{"0":"post-129938","1":"post","2":"type-post","3":"status-publish","4":"format-standard","5":"has-post-thumbnail","7":"category-rubriker","8":"tag-breaking-news","9":"tag-breakingnews","10":"tag-featured-news","11":"tag-featurednews","12":"tag-headlines","13":"tag-huvudnyheter","14":"tag-latest-news","15":"tag-latestnews","16":"tag-main-news","17":"tag-mainnews","18":"tag-news","19":"tag-newsstory-kvinna-mordad-i-ronninge","20":"tag-nyheter","21":"tag-rubriker","22":"tag-se","23":"tag-sections-krim","24":"tag-svenska","25":"tag-sverige","26":"tag-sweden","27":"tag-swedish","28":"tag-top-stories","29":"tag-topic-rattegangar-domar","30":"tag-topstories"},"share_on_mastodon":{"url":"https:\/\/pubeurope.com\/@se\/115861133927623222","error":""},"_links":{"self":[{"href":"https:\/\/www.europesays.com\/se\/wp-json\/wp\/v2\/posts\/129938","targetHints":{"allow":["GET"]}}],"collection":[{"href":"https:\/\/www.europesays.com\/se\/wp-json\/wp\/v2\/posts"}],"about":[{"href":"https:\/\/www.europesays.com\/se\/wp-json\/wp\/v2\/types\/post"}],"author":[{"embeddable":true,"href":"https:\/\/www.europesays.com\/se\/wp-json\/wp\/v2\/users\/2"}],"replies":[{"embeddable":true,"href":"https:\/\/www.europesays.com\/se\/wp-json\/wp\/v2\/comments?post=129938"}],"version-history":[{"count":0,"href":"https:\/\/www.europesays.com\/se\/wp-json\/wp\/v2\/posts\/129938\/revisions"}],"wp:featuredmedia":[{"embeddable":true,"href":"https:\/\/www.europesays.com\/se\/wp-json\/wp\/v2\/media\/129939"}],"wp:attachment":[{"href":"https:\/\/www.europesays.com\/se\/wp-json\/wp\/v2\/media?parent=129938"}],"wp:term":[{"taxonomy":"category","embeddable":true,"href":"https:\/\/www.europesays.com\/se\/wp-json\/wp\/v2\/categories?post=129938"},{"taxonomy":"post_tag","embeddable":true,"href":"https:\/\/www.europesays.com\/se\/wp-json\/wp\/v2\/tags?post=129938"}],"curies":[{"name":"wp","href":"https:\/\/api.w.org\/{rel}","templated":true}]}}