{"id":129942,"date":"2026-01-08T19:36:32","date_gmt":"2026-01-08T19:36:32","guid":{"rendered":"https:\/\/www.europesays.com\/se\/129942\/"},"modified":"2026-01-08T19:36:32","modified_gmt":"2026-01-08T19:36:32","slug":"lat-tva-myndigheter-ta-fram-data-over-utbildningslakare-lakartidningen","status":"publish","type":"post","link":"https:\/\/www.europesays.com\/se\/129942\/","title":{"rendered":"L\u00e5t tv\u00e5 myndigheter ta fram data \u00f6ver utbildningsl\u00e4kare \u2013 L\u00e4kartidningen"},"content":{"rendered":"<p>I dagsl\u00e4get finns ingen akt\u00f6r som har i uppgift att samla in och tillhandah\u00e5lla statistik \u00f6ver antalet AT-, BT- och ST-l\u00e4kare, vilket g\u00f6r det sv\u00e5rt att ta fram prognoser \u00f6ver framtida behov. Socialstyrelsen har dock uttryckt att myndigheten g\u00e4rna blir en nyckelspelare i utvecklingen av s\u00e5dan data och datainfrastruktur.<\/p>\n<p>\t\t\t\t<img alt=\"\" class=\"MediaWrapper-content BodyImage-imageObject\" src=\"https:\/\/www.europesays.com\/se\/wp-content\/uploads\/2026\/01\/mp22761637-stethoscope-and-book-on-desk.jpeg\" data-lazy-load-target=\"content\" width=\"640\" height=\"426\" loading=\"lazy\" decoding=\"async\" fetchpriority=\"auto\"\/><\/p>\n<p>\t\t\t\t\t\t\tFoto: Mostphotos\n\t\t\t\t\t\t\t\t\t<\/p>\n<p>L\u00e4karf\u00f6rbundet har tidigare uppmanat regeringen att <a href=\"https:\/\/lakartidningen.se\/nyheter\/ny-rapport-viktigt-steg-mot-fler-specialister-i-allmanmedicin\/\" data-type=\"link\" data-id=\"https:\/\/lakartidningen.se\/nyheter\/ny-rapport-viktigt-steg-mot-fler-specialister-i-allmanmedicin\/\" rel=\"nofollow noopener\" target=\"_blank\">ge Socialstyrelsen ledartr\u00f6jan i arbetet<\/a> med att utveckla ett system f\u00f6r att h\u00e4mta in den h\u00e4r typen av uppgifter och g\u00f6ra prognoser, men nu vill man allts\u00e5 att \u00e4ven E-h\u00e4lsomyndigheten \u00e4r delaktig i ett s\u00e5dant uppdrag. <\/p>\n<p>\n\t\tAnnons\t\t\t<\/p>\n<p>\t\t<a href=\"https:\/\/pro.novonordisk.se\/lakemedel\/ozempic.html?cid=paid3-nvqirmfzx7\" data-ad-target=\"link\" class=\"Ad-content\" rel=\"sponsored nofollow noopener\" target=\"_blank\"><\/p>\n<p>\t\t\t\t<img alt=\"Annons\" class=\"MediaWrapper-content Ad-image\" src=\"https:\/\/www.europesays.com\/se\/wp-content\/uploads\/2026\/01\/1767900992_560_ozempic-1404x720-lt.gif\" data-lazy-load-target=\"content\" width=\"468\" height=\"240\" loading=\"lazy\" decoding=\"async\" fetchpriority=\"auto\"\/><\/p>\n<p>\t\t<\/a><\/p>\n<p>F\u00f6rslaget motiveras med att bristen p\u00e5 statistik \u00e4r en utmaning som skyndsamt beh\u00f6ver l\u00f6sas. Desutom verkar b\u00e5de Socialstyrelsen och E-h\u00e4lsomyndigheten vara inf\u00f6rst\u00e5dda i problematiken och se behovet att att f\u00e5 fram ett statistiksystem \u00f6ver antalet utbildningsl\u00e4kare, menar L\u00e4karf\u00f6rbundet. <\/p>\n","protected":false},"excerpt":{"rendered":"I dagsl\u00e4get finns ingen akt\u00f6r som har i uppgift att samla in och tillhandah\u00e5lla statistik \u00f6ver antalet AT-,&hellip;\n","protected":false},"author":2,"featured_media":83948,"comment_status":"","ping_status":"","sticky":false,"template":"","format":"standard","meta":{"footnotes":""},"categories":[12],"tags":[22,23,26,27,17,21,24,25,28,29,15,16,18,34,31,33,32,30,19,20],"class_list":{"0":"post-129942","1":"post","2":"type-post","3":"status-publish","4":"format-standard","5":"has-post-thumbnail","7":"category-sverige","8":"tag-breaking-news","9":"tag-breakingnews","10":"tag-featured-news","11":"tag-featurednews","12":"tag-headlines","13":"tag-huvudnyheter","14":"tag-latest-news","15":"tag-latestnews","16":"tag-main-news","17":"tag-mainnews","18":"tag-news","19":"tag-nyheter","20":"tag-rubriker","21":"tag-se","22":"tag-svenska","23":"tag-sverige","24":"tag-sweden","25":"tag-swedish","26":"tag-top-stories","27":"tag-topstories"},"share_on_mastodon":{"url":"https:\/\/pubeurope.com\/@se\/115861165408757854","error":""},"_links":{"self":[{"href":"https:\/\/www.europesays.com\/se\/wp-json\/wp\/v2\/posts\/129942","targetHints":{"allow":["GET"]}}],"collection":[{"href":"https:\/\/www.europesays.com\/se\/wp-json\/wp\/v2\/posts"}],"about":[{"href":"https:\/\/www.europesays.com\/se\/wp-json\/wp\/v2\/types\/post"}],"author":[{"embeddable":true,"href":"https:\/\/www.europesays.com\/se\/wp-json\/wp\/v2\/users\/2"}],"replies":[{"embeddable":true,"href":"https:\/\/www.europesays.com\/se\/wp-json\/wp\/v2\/comments?post=129942"}],"version-history":[{"count":0,"href":"https:\/\/www.europesays.com\/se\/wp-json\/wp\/v2\/posts\/129942\/revisions"}],"wp:featuredmedia":[{"embeddable":true,"href":"https:\/\/www.europesays.com\/se\/wp-json\/wp\/v2\/media\/83948"}],"wp:attachment":[{"href":"https:\/\/www.europesays.com\/se\/wp-json\/wp\/v2\/media?parent=129942"}],"wp:term":[{"taxonomy":"category","embeddable":true,"href":"https:\/\/www.europesays.com\/se\/wp-json\/wp\/v2\/categories?post=129942"},{"taxonomy":"post_tag","embeddable":true,"href":"https:\/\/www.europesays.com\/se\/wp-json\/wp\/v2\/tags?post=129942"}],"curies":[{"name":"wp","href":"https:\/\/api.w.org\/{rel}","templated":true}]}}