{"id":129943,"date":"2026-01-08T19:37:11","date_gmt":"2026-01-08T19:37:11","guid":{"rendered":"https:\/\/www.europesays.com\/se\/129943\/"},"modified":"2026-01-08T19:37:11","modified_gmt":"2026-01-08T19:37:11","slug":"polisexpert-om-skjutning-i-usa-skott-stoppar-inte-bil","status":"publish","type":"post","link":"https:\/\/www.europesays.com\/se\/129943\/","title":{"rendered":"Polisexpert om skjutning i USA: Skott stoppar inte bil"},"content":{"rendered":"<p>Var det motiverad v\u00e5ldsanv\u00e4ndning och n\u00f6dv\u00e4rn \u2013 eller ett on\u00f6digt och oaktsamt d\u00f6dande? D\u00f6dsskjutningen av en 37-\u00e5rig trebarnsmor i Minneapolis beskrivs p\u00e5 helt olika s\u00e4tt i det polariserade USA.<\/p>\n<p>Svensk polis f\u00e5r l\u00e4ra sig att inte skjuta mot bilar i r\u00f6relse.<\/p>\n<p>\u2013 Det fyller ingen funktion, du f\u00e5r inte stopp p\u00e5 bilen i alla fall, s\u00e4ger polisutbildaren Magnus Ander.<\/p>\n","protected":false},"excerpt":{"rendered":"Var det motiverad v\u00e5ldsanv\u00e4ndning och n\u00f6dv\u00e4rn \u2013 eller ett on\u00f6digt och oaktsamt d\u00f6dande? D\u00f6dsskjutningen av en 37-\u00e5rig trebarnsmor&hellip;\n","protected":false},"author":2,"featured_media":129944,"comment_status":"","ping_status":"","sticky":false,"template":"","format":"standard","meta":{"footnotes":""},"categories":[5],"tags":[22,23,26,27,17,21,24,25,28,29,15,16,18,34,31,33,32,30,19,20],"class_list":{"0":"post-129943","1":"post","2":"type-post","3":"status-publish","4":"format-standard","5":"has-post-thumbnail","7":"category-rubriker","8":"tag-breaking-news","9":"tag-breakingnews","10":"tag-featured-news","11":"tag-featurednews","12":"tag-headlines","13":"tag-huvudnyheter","14":"tag-latest-news","15":"tag-latestnews","16":"tag-main-news","17":"tag-mainnews","18":"tag-news","19":"tag-nyheter","20":"tag-rubriker","21":"tag-se","22":"tag-svenska","23":"tag-sverige","24":"tag-sweden","25":"tag-swedish","26":"tag-top-stories","27":"tag-topstories"},"share_on_mastodon":{"url":"https:\/\/pubeurope.com\/@se\/115861169249057961","error":""},"_links":{"self":[{"href":"https:\/\/www.europesays.com\/se\/wp-json\/wp\/v2\/posts\/129943","targetHints":{"allow":["GET"]}}],"collection":[{"href":"https:\/\/www.europesays.com\/se\/wp-json\/wp\/v2\/posts"}],"about":[{"href":"https:\/\/www.europesays.com\/se\/wp-json\/wp\/v2\/types\/post"}],"author":[{"embeddable":true,"href":"https:\/\/www.europesays.com\/se\/wp-json\/wp\/v2\/users\/2"}],"replies":[{"embeddable":true,"href":"https:\/\/www.europesays.com\/se\/wp-json\/wp\/v2\/comments?post=129943"}],"version-history":[{"count":0,"href":"https:\/\/www.europesays.com\/se\/wp-json\/wp\/v2\/posts\/129943\/revisions"}],"wp:featuredmedia":[{"embeddable":true,"href":"https:\/\/www.europesays.com\/se\/wp-json\/wp\/v2\/media\/129944"}],"wp:attachment":[{"href":"https:\/\/www.europesays.com\/se\/wp-json\/wp\/v2\/media?parent=129943"}],"wp:term":[{"taxonomy":"category","embeddable":true,"href":"https:\/\/www.europesays.com\/se\/wp-json\/wp\/v2\/categories?post=129943"},{"taxonomy":"post_tag","embeddable":true,"href":"https:\/\/www.europesays.com\/se\/wp-json\/wp\/v2\/tags?post=129943"}],"curies":[{"name":"wp","href":"https:\/\/api.w.org\/{rel}","templated":true}]}}