{"id":129949,"date":"2026-01-08T19:45:10","date_gmt":"2026-01-08T19:45:10","guid":{"rendered":"https:\/\/www.europesays.com\/se\/129949\/"},"modified":"2026-01-08T19:45:10","modified_gmt":"2026-01-08T19:45:10","slug":"pakord-skidbro-i-vemdalen-trafiken-leds-om-ostersunds-posten","status":"publish","type":"post","link":"https:\/\/www.europesays.com\/se\/129949\/","title":{"rendered":"P\u00e5k\u00f6rd skidbro i Vemdalen \u2013 trafiken leds om \u2013 \u00d6stersunds-Posten"},"content":{"rendered":"<p>Vid 23-tiden p\u00e5 onsdagskv\u00e4llen gick Trafikverket ut med en varning om att en skidbro \u00f6ver v\u00e4g 315 genom Vemdalsskalet har blivit p\u00e5k\u00f6rd.<br \/>V\u00e4gen \u00e4r \u00e4nnu p\u00e5 torsdagen st\u00e4ngd f\u00f6r trafik i v\u00e4ntan p\u00e5 en skadebesiktning av bron. <\/p>\n<p>Det \u00e4r skidbron strax v\u00e4ster om H\u00f6gfj\u00e4llshotellet, i h\u00f6jd med Hovde express, som har blivit skadad. <\/p>\n<p>\u2013 Enligt den information vi har ska en grusbil ha k\u00f6rt in i bron, s\u00e4ger Beisi Sundin presskommunikat\u00f6r vid Trafikverket.  <\/p>\n<p class=\"lcl-resource__placeholder-text\">Inb\u00e4ddat inneh\u00e5ll<\/p>\n<p>\u00c4ndra inst\u00e4llningar<\/p>\n<p aria-disabled=\"true\" class=\"ad__preamble ad-text txt-style-muted txt-ui txt-ui--strong txt-ui-2\">Annons<\/p>\n<p aria-disabled=\"true\" class=\"ad__preamble ad-text txt-style-muted txt-ui txt-ui--strong txt-ui-2\">Annons<\/p>\n<p>All trafik under bron har st\u00e4ngts av och h\u00e4nvisas till f\u00f6ljande omledningsv\u00e4g: V\u00e4g 315 mellan Vemdalen och R\u00e4tan, via v\u00e4g 84 Hedeviken, Glissj\u00f6berg, Sveg, E45 Ytterhogdal och tillbaka till v\u00e4g 315 mot Vemdalsskalet. Omledningen g\u00e4ller i b\u00e5da riktningarna.<\/p>\n<p>Omledningen inneb\u00e4r en extra resa p\u00e5 11\u201312 mil f\u00f6r trafikanter mellan Hede, Vemdalen och \u00d6stersund.<\/p>\n<p>Som alternativ till v\u00e4g 84 kan \u00e4ven v\u00e4g 514 Vemdalen &#8211; Glissj\u00f6berg anv\u00e4ndas.<\/p>\n<p><img decoding=\"async\" width=\"640\" height=\"480\" class=\"article-image article-image--unbound\" alt=\"Det \u00e4r \u00e4nnu oklart hur allvarliga skadorna \u00e4r p\u00e5 bron.\" src=\"https:\/\/www.europesays.com\/se\/wp-content\/uploads\/2026\/01\/e9bf850b-8308-42f5-84ac-ea517b1d9c93.jpeg\"   loading=\"lazy\"\/><a class=\"article__lightbox-link\" href=\"https:\/\/static.bonniernews.se\/ba\/e9bf850b-8308-42f5-84ac-ea517b1d9c93.jpeg?width=1400&amp;format=pjpg&amp;auto=avif\" data-pswp-width=\"1400\" data-pswp-height=\"1050\" data-pswp-caption=\"Det \u00e4r \u00e4nnu oklart hur allvarliga skadorna \u00e4r p\u00e5 bron. Bild: Johannes Berndalen\" data-pswp- rel=\"nofollow noopener\" target=\"_blank\">\u00d6ppna bild i helsk\u00e4rmsl\u00e4ge<\/a><\/p>\n<p class=\"txt-style-muted\" aria-hidden=\"true\">Det \u00e4r \u00e4nnu oklart hur allvarliga skadorna \u00e4r p\u00e5 bron.<\/p>\n<p class=\"article__figcaption-attribution txt-style-muted\">Bild: Johannes Berndalen<\/p>\n<p>Under torsdagen ska en skadebed\u00f6mningen genomf\u00f6ras. En prelimin\u00e4r sluttid f\u00f6r trafikstoppet \u00e4r satt till klockan 16, men kan \u00e4ndras efter utf\u00f6rd bed\u00f6mning. Trafikverkets senaste information hittas <a class=\"article__content-link\" href=\"https:\/\/www.trafikverket.se\/trafikinformation\/vag\/?map_x=447134.19899&amp;map_y=6928663.05844&amp;map_z=11&amp;map_l=111000001000000\" rel=\"nofollow noopener\" target=\"_blank\">h\u00e4r<\/a>.<\/p>\n<p>Trafikstoppet p\u00e5verkar \u00e4ven busstrafiken och L\u00e4nstrafiken meddelar att linje 164 med avg\u00e5ng klockan 8:20 fr\u00e5n \u00d6stersund mot Fun\u00e4sdalen har bussbyte i Vemdalsskalet, vid Pistmaskinsgaraget avg\u00e5r buss vidare mot Fun\u00e4sdalen. <\/p>\n<p aria-disabled=\"true\" class=\"ad__preamble ad-text txt-style-muted txt-ui txt-ui--strong txt-ui-2\">Annons<\/p>\n<p>\u201dVi tycker det \u00e4r tr\u00e5kigt att bron \u00e4r skadad, just nu inv\u00e4ntar vi Trafikverkets besiktning av bron f\u00f6r att se vad som sker i n\u00e4sta steg\u201d, skriver Anders Lundqvist, destinationschef f\u00f6r Skistar Vemdalen i ett sms till tidningen. <\/p>\n","protected":false},"excerpt":{"rendered":"Vid 23-tiden p\u00e5 onsdagskv\u00e4llen gick Trafikverket ut med en varning om att en skidbro \u00f6ver v\u00e4g 315 genom&hellip;\n","protected":false},"author":2,"featured_media":129950,"comment_status":"","ping_status":"","sticky":false,"template":"","format":"standard","meta":{"footnotes":""},"categories":[5],"tags":[22,23,26,27,17,21,24,25,28,29,15,16,18,34,31,33,32,30,19,20],"class_list":{"0":"post-129949","1":"post","2":"type-post","3":"status-publish","4":"format-standard","5":"has-post-thumbnail","7":"category-rubriker","8":"tag-breaking-news","9":"tag-breakingnews","10":"tag-featured-news","11":"tag-featurednews","12":"tag-headlines","13":"tag-huvudnyheter","14":"tag-latest-news","15":"tag-latestnews","16":"tag-main-news","17":"tag-mainnews","18":"tag-news","19":"tag-nyheter","20":"tag-rubriker","21":"tag-se","22":"tag-svenska","23":"tag-sverige","24":"tag-sweden","25":"tag-swedish","26":"tag-top-stories","27":"tag-topstories"},"share_on_mastodon":{"url":"https:\/\/pubeurope.com\/@se\/115861200762673571","error":""},"_links":{"self":[{"href":"https:\/\/www.europesays.com\/se\/wp-json\/wp\/v2\/posts\/129949","targetHints":{"allow":["GET"]}}],"collection":[{"href":"https:\/\/www.europesays.com\/se\/wp-json\/wp\/v2\/posts"}],"about":[{"href":"https:\/\/www.europesays.com\/se\/wp-json\/wp\/v2\/types\/post"}],"author":[{"embeddable":true,"href":"https:\/\/www.europesays.com\/se\/wp-json\/wp\/v2\/users\/2"}],"replies":[{"embeddable":true,"href":"https:\/\/www.europesays.com\/se\/wp-json\/wp\/v2\/comments?post=129949"}],"version-history":[{"count":0,"href":"https:\/\/www.europesays.com\/se\/wp-json\/wp\/v2\/posts\/129949\/revisions"}],"wp:featuredmedia":[{"embeddable":true,"href":"https:\/\/www.europesays.com\/se\/wp-json\/wp\/v2\/media\/129950"}],"wp:attachment":[{"href":"https:\/\/www.europesays.com\/se\/wp-json\/wp\/v2\/media?parent=129949"}],"wp:term":[{"taxonomy":"category","embeddable":true,"href":"https:\/\/www.europesays.com\/se\/wp-json\/wp\/v2\/categories?post=129949"},{"taxonomy":"post_tag","embeddable":true,"href":"https:\/\/www.europesays.com\/se\/wp-json\/wp\/v2\/tags?post=129949"}],"curies":[{"name":"wp","href":"https:\/\/api.w.org\/{rel}","templated":true}]}}