{"id":129955,"date":"2026-01-08T19:51:10","date_gmt":"2026-01-08T19:51:10","guid":{"rendered":"https:\/\/www.europesays.com\/se\/129955\/"},"modified":"2026-01-08T19:51:10","modified_gmt":"2026-01-08T19:51:10","slug":"stort-antal-fangar-ska-slappas","status":"publish","type":"post","link":"https:\/\/www.europesays.com\/se\/129955\/","title":{"rendered":"\u201dStort antal\u201d f\u00e5ngar ska sl\u00e4ppas"},"content":{"rendered":"<p>share-arrowDela<\/p>\n<p>unsaveSpara<\/p>\n<p>expand-left<\/p>\n<p>helsk\u00e4rm<img decoding=\"async\" class=\"image-asset hyperion-css-u06ts1\" data-test-tag=\"image-asset\" src=\"https:\/\/www.europesays.com\/se\/wp-content\/uploads\/2026\/01\/77f6ff37-6b1f-4288-8933-c2f9df6311a8.jpeg\"  alt=\"Jorge Rodr\u00edguez. Arkivbild.\"  loading=\"eager\" fetchpriority=\"high\" style=\"aspect-ratio:1900 \/ 1267\"\/>Jorge Rodr\u00edguez. Arkivbild. Foto: Matias Delacroix\/AP\/TT<\/p>\n<p class=\"hyperion-css-1shl3oz\" data-test-tag=\"lead-text\">Ett \u201dstort antal\u201d f\u00e5ngar ska sl\u00e4ppas fr\u00e5n f\u00e4ngelser i Venezuela. Det uppger Jorge Rodr\u00edguez, talman i landets parlament, p\u00e5 torsdagen.<\/p>\n<p class=\"hyperion-css-1v9qo5x\">Enligt Rodr\u00edguez, som \u00e4r bror till interimpresidenten Delcy Rodr\u00edguez, kommer b\u00e5de venezuelanska och internationella f\u00e5ngar att sl\u00e4ppas. Hur m\u00e5nga det handlar om framg\u00e5r inte.<\/p>\n<p class=\"hyperion-css-1v9qo5x\">Beskedet kommer sedan USA natten till den 3 januari tillf\u00e5ngatog president Nicol\u00e1s Maduro i en attack.<\/p>\n<p class=\"hyperion-css-1v9qo5x\">Enligt Foro Penal, en grupp som arbetar f\u00f6r m\u00e4nskliga r\u00e4ttigheter, finns det \u00f6ver 800 politiska f\u00e5ngar i Venezuela, bland dem 175 milit\u00e4ranst\u00e4llda.<\/p>\n","protected":false},"excerpt":{"rendered":"share-arrowDela unsaveSpara expand-left helsk\u00e4rmJorge Rodr\u00edguez. Arkivbild. Foto: Matias Delacroix\/AP\/TT Ett \u201dstort antal\u201d f\u00e5ngar ska sl\u00e4ppas fr\u00e5n f\u00e4ngelser i&hellip;\n","protected":false},"author":2,"featured_media":129956,"comment_status":"","ping_status":"","sticky":false,"template":"","format":"standard","meta":{"footnotes":""},"categories":[14],"tags":[22,23,26,27,17,21,24,25,28,29,15,16,18,34,31,33,32,30,19,20,51,52,53,54],"class_list":{"0":"post-129955","1":"post","2":"type-post","3":"status-publish","4":"format-standard","5":"has-post-thumbnail","7":"category-varlden","8":"tag-breaking-news","9":"tag-breakingnews","10":"tag-featured-news","11":"tag-featurednews","12":"tag-headlines","13":"tag-huvudnyheter","14":"tag-latest-news","15":"tag-latestnews","16":"tag-main-news","17":"tag-mainnews","18":"tag-news","19":"tag-nyheter","20":"tag-rubriker","21":"tag-se","22":"tag-svenska","23":"tag-sverige","24":"tag-sweden","25":"tag-swedish","26":"tag-top-stories","27":"tag-topstories","28":"tag-varlden","29":"tag-world","30":"tag-world-news","31":"tag-worldnews"},"share_on_mastodon":{"url":"https:\/\/pubeurope.com\/@se\/115861224418709165","error":""},"_links":{"self":[{"href":"https:\/\/www.europesays.com\/se\/wp-json\/wp\/v2\/posts\/129955","targetHints":{"allow":["GET"]}}],"collection":[{"href":"https:\/\/www.europesays.com\/se\/wp-json\/wp\/v2\/posts"}],"about":[{"href":"https:\/\/www.europesays.com\/se\/wp-json\/wp\/v2\/types\/post"}],"author":[{"embeddable":true,"href":"https:\/\/www.europesays.com\/se\/wp-json\/wp\/v2\/users\/2"}],"replies":[{"embeddable":true,"href":"https:\/\/www.europesays.com\/se\/wp-json\/wp\/v2\/comments?post=129955"}],"version-history":[{"count":0,"href":"https:\/\/www.europesays.com\/se\/wp-json\/wp\/v2\/posts\/129955\/revisions"}],"wp:featuredmedia":[{"embeddable":true,"href":"https:\/\/www.europesays.com\/se\/wp-json\/wp\/v2\/media\/129956"}],"wp:attachment":[{"href":"https:\/\/www.europesays.com\/se\/wp-json\/wp\/v2\/media?parent=129955"}],"wp:term":[{"taxonomy":"category","embeddable":true,"href":"https:\/\/www.europesays.com\/se\/wp-json\/wp\/v2\/categories?post=129955"},{"taxonomy":"post_tag","embeddable":true,"href":"https:\/\/www.europesays.com\/se\/wp-json\/wp\/v2\/tags?post=129955"}],"curies":[{"name":"wp","href":"https:\/\/api.w.org\/{rel}","templated":true}]}}