{"id":129957,"date":"2026-01-08T19:53:11","date_gmt":"2026-01-08T19:53:11","guid":{"rendered":"https:\/\/www.europesays.com\/se\/129957\/"},"modified":"2026-01-08T19:53:11","modified_gmt":"2026-01-08T19:53:11","slug":"vilma-andersson-fick-polisbeskydd-efter-fangelsestraff","status":"publish","type":"post","link":"https:\/\/www.europesays.com\/se\/129957\/","title":{"rendered":"Vilma Andersson fick polisbeskydd efter f\u00e4ngelsestraff"},"content":{"rendered":"<p>F\u00f6r drygt fyra \u00e5r sedan f\u00f6rekom mordmisst\u00e4nkta Vilma Andersson, 26, i en annan brottsutredning \u2013 d\u00e5 som m\u00e5ls\u00e4gande.<\/p>\n<p>I f\u00f6rh\u00f6ren ber\u00e4ttade han att han fick polisskydd efter att ha sl\u00e4ppts fr\u00e5n f\u00e4ngelset \u2013 och att han var r\u00e4dd att uts\u00e4ttas.<\/p>\n<p>\u2013 Med min historik och det som jag f\u00f6rs\u00f6ker l\u00e4gga bakom mig och b\u00f6rja ett nytt liv s\u00e5 g\u00f6r det h\u00e4r allt s\u00e5 mycket jobbigare, sa Vilma Andersson d\u00e5.<\/p>\n<p>Senaste nyhetsklippen fr\u00e5n Expressen.<img   alt=\"\"\/><\/p>\n<p>Vilma Andersson, 26, misst\u00e4nks f\u00f6r att ha styckm\u00f6rdat kvinnan i R\u00f6nninge.<\/p>\n<p>\u00d6ppna bild i helsk\u00e4rm<img loading=\"lazy\"   alt=\"\"\/><\/p>\n<p>Polis p\u00e5 plats i R\u00f6nninge efter larmet om den f\u00f6rsvunna kvinnan i mellandagarna.<\/p>\n<p>Foto: Nils Petter Nilsson\/TT<\/p>\n<p>\u00d6ppna bild i helsk\u00e4rm<\/p>\n<p>2019 d\u00f6mdes Andersson, som d\u00e5 hette Robin S\u00e4bb Hjerth, till tv\u00e5 \u00e5r och fyra m\u00e5naders f\u00e4ngelse efter att ha f\u00f6rs\u00f6kt kidnappa en flicka i tio\u00e5rs\u00e5ldern.<\/p>\n<p>N\u00e4r han kom ut fr\u00e5n f\u00e4ngelset fick han beskydd av polisen, enligt uppgifter han sj\u00e4lv l\u00e4mnar i f\u00f6rh\u00f6r 2021.\u00a0<\/p>\n<p>F\u00f6rh\u00f6ren h\u00f6lls i samband med en utredning d\u00e5 en man utreddes f\u00f6r olaga hot, efter att ha uttalat d\u00f6dshot mot <a href=\"https:\/\/www.expressen.se\/tagg\/person\/vilma-andersson\/\" class=\"\" rel=\"nofollow noopener\" target=\"_blank\">Vilma Andersson<\/a>.\u00a0<\/p>\n<p>\u2013 Polisen i Nacka l\u00f6ste patrullering och tillsyn sist vi var i kontakt med BOPS (Polisens brottsoffer- och persons\u00e4kerhetsverksamhet, reds. anm), det h\u00e4r var precis i veckan jag kom ut fr\u00e5n anstalten, i februari. N\u00e5got s\u00e5dant hade jag \u00f6nskat, s\u00e4ger Andersson n\u00e4r polisen fr\u00e5gar om han \u00e4r i behov av skydds\u00e5tg\u00e4rder.<\/p>\n<p>Vid den h\u00e4r tidpunkten hade Andersson bytt f\u00f6rnamn till Hampus.\u00a0<\/p>\n<p>Ville \u201db\u00f6rja ett nytt liv\u201d<\/p>\n<p>Enligt Andersson \u201deskalerade allt\u201d n\u00e4r han kom ut fr\u00e5n f\u00e4ngelset.<\/p>\n<p>\u2013 Olika form av hot och trakasserier har p\u00e5g\u00e5tt sedan jag sl\u00e4pptes.<\/p>\n<p>Polisen fr\u00e5gade Andersson om han var r\u00e4dd att n\u00e5got skulle h\u00e4nda honom.<\/p>\n<p>\u2013 Ja sj\u00e4lvklart, med min historik och det som jag f\u00f6rs\u00f6ker l\u00e4gga bakom mig och b\u00f6rja ett nytt liv s\u00e5 g\u00f6r det h\u00e4r allt s\u00e5 mycket jobbigare, svarar han.<\/p>\n<p>R\u00e4tten: \u201dTrov\u00e4rdigt intryck\u201d<\/p>\n<p>Enligt tingsr\u00e4ttens dom gjorde Vilma Andersson ett \u201dtrov\u00e4rdigt och tillf\u00f6rlitligt intryck\u201d.<\/p>\n<p>Mannen som senare d\u00f6mdes f\u00f6r att ha hotat Andersson s\u00e4ger i f\u00f6rh\u00f6r att han var uppr\u00f6rd \u00f6ver att Andersson bodde i n\u00e4rheten av en skola. Hans straff blev dagsb\u00f6ter. Han \u00e5lades \u00e4ven att betala ett skadest\u00e5nd p\u00e5 drygt 5 000 kronor till Vilma Andersson.<\/p>\n<p>Vilma Andersson sitter sedan den 30 december h\u00e4ktad misst\u00e4nkt f\u00f6r mordet p\u00e5 en 25-\u00e5rig kvinna i R\u00f6nninge. Enligt Expressens uppgifter greps han i samband med att han hanterade kroppsdelar fr\u00e5n den m\u00f6rdade kvinnan.<\/p>\n<p>Han f\u00f6rnekar mord, men erk\u00e4nner grovt gravfridsbrott.\u00a0<\/p>\n<p><img alt=\"\"\/>Ljudklippet gick inte att spela upp<\/p>\n<p>F\u00f6rs\u00f6k igen senare<\/p>\n","protected":false},"excerpt":{"rendered":"F\u00f6r drygt fyra \u00e5r sedan f\u00f6rekom mordmisst\u00e4nkta Vilma Andersson, 26, i en annan brottsutredning \u2013 d\u00e5 som m\u00e5ls\u00e4gande.&hellip;\n","protected":false},"author":2,"featured_media":129958,"comment_status":"","ping_status":"","sticky":false,"template":"","format":"standard","meta":{"footnotes":""},"categories":[5],"tags":[22,23,26,27,17,21,24,25,28,29,15,12855,16,12888,18,34,154,31,33,32,30,19,136,20],"class_list":{"0":"post-129957","1":"post","2":"type-post","3":"status-publish","4":"format-standard","5":"has-post-thumbnail","7":"category-rubriker","8":"tag-breaking-news","9":"tag-breakingnews","10":"tag-featured-news","11":"tag-featurednews","12":"tag-headlines","13":"tag-huvudnyheter","14":"tag-latest-news","15":"tag-latestnews","16":"tag-main-news","17":"tag-mainnews","18":"tag-news","19":"tag-newsstory-kvinna-mordad-i-ronninge","20":"tag-nyheter","21":"tag-person-vilma-andersson","22":"tag-rubriker","23":"tag-se","24":"tag-sections-sverige","25":"tag-svenska","26":"tag-sverige","27":"tag-sweden","28":"tag-swedish","29":"tag-top-stories","30":"tag-topic-rattegangar-domar","31":"tag-topstories"},"share_on_mastodon":{"url":"https:\/\/pubeurope.com\/@se\/115861232257621799","error":""},"_links":{"self":[{"href":"https:\/\/www.europesays.com\/se\/wp-json\/wp\/v2\/posts\/129957","targetHints":{"allow":["GET"]}}],"collection":[{"href":"https:\/\/www.europesays.com\/se\/wp-json\/wp\/v2\/posts"}],"about":[{"href":"https:\/\/www.europesays.com\/se\/wp-json\/wp\/v2\/types\/post"}],"author":[{"embeddable":true,"href":"https:\/\/www.europesays.com\/se\/wp-json\/wp\/v2\/users\/2"}],"replies":[{"embeddable":true,"href":"https:\/\/www.europesays.com\/se\/wp-json\/wp\/v2\/comments?post=129957"}],"version-history":[{"count":0,"href":"https:\/\/www.europesays.com\/se\/wp-json\/wp\/v2\/posts\/129957\/revisions"}],"wp:featuredmedia":[{"embeddable":true,"href":"https:\/\/www.europesays.com\/se\/wp-json\/wp\/v2\/media\/129958"}],"wp:attachment":[{"href":"https:\/\/www.europesays.com\/se\/wp-json\/wp\/v2\/media?parent=129957"}],"wp:term":[{"taxonomy":"category","embeddable":true,"href":"https:\/\/www.europesays.com\/se\/wp-json\/wp\/v2\/categories?post=129957"},{"taxonomy":"post_tag","embeddable":true,"href":"https:\/\/www.europesays.com\/se\/wp-json\/wp\/v2\/tags?post=129957"}],"curies":[{"name":"wp","href":"https:\/\/api.w.org\/{rel}","templated":true}]}}