{"id":129962,"date":"2026-01-08T20:01:37","date_gmt":"2026-01-08T20:01:37","guid":{"rendered":"https:\/\/www.europesays.com\/se\/129962\/"},"modified":"2026-01-08T20:01:37","modified_gmt":"2026-01-08T20:01:37","slug":"riksdagsledamot-misstanks-for-rattfylla","status":"publish","type":"post","link":"https:\/\/www.europesays.com\/se\/129962\/","title":{"rendered":"Riksdagsledamot misst\u00e4nks f\u00f6r rattfylla"},"content":{"rendered":"<p>Den sverigedemokratiska riksdagsledamoten Katja Nyberg misst\u00e4nks f\u00f6r rattfylleri sedan mellandagarna, rapporterar Aftonbladet. Hon kontrollerades av polis i V\u00e4rmd\u00f6 kommun den 28 december och Transportstyrelsen uppger f\u00f6r Aftonbladet att hennes k\u00f6rkort \u00e4r omh\u00e4ndertaget av polisen.<\/p>\n<p>\u00c4rendet hanteras av polisens avdelning f\u00f6r s\u00e4rskilda utredningar, och enligt Aftonbladet \u00e4r hon bland annat misst\u00e4nkt f\u00f6r grovt rattfylleri.<\/p>\n<p>\u2013 Jag har ingen kommentar i nul\u00e4get, s\u00e4ger SD:s gruppledare i riksdagen Linda Lindberg till DN och ber om att f\u00e5 \u00e5terkomma l\u00e4ngre fram.<\/p>\n<p><strong>Katja Nyberg har varit<\/strong> riksdagsledamot sedan valet 2018. Hon \u00e4r i grunden polis och har varit utredare p\u00e5 Nationella operativa avdelningen (NOA). Hon var tidigare SD:s talesperson i polisfr\u00e5gor och sitter som ledamot i riksdagens justitieutskott.<\/p>\n<p>Anders Jakobsson, \u00f6ver\u00e5klagare och kammarchef p\u00e5 s\u00e4rskilda \u00e5klagarkammaren s\u00e4ger till DN att de har ett \u00e4rende med en tj\u00e4nstledig polis som \u00e4r riksdagsledamot.<\/p>\n<p>\u2013 Det handlar om grovt rattfylleri och ringa narkotikabrott, s\u00e4ger han.<\/p>\n<p>\u2013 Vi har tagit en liten p\u00e5se i beslag. Det \u00e4r en beslagsp\u00e5se med vitt pulver i. Men vad det \u00e4r i den vet inte jag eftersom den ska skickas p\u00e5 analys, s\u00e4ger han.<\/p>\n<p><strong>Enligt Anders Jakobsson<\/strong> \u00e4r blod- och urinprov skickade p\u00e5 analys. Den misst\u00e4nkta personen har inte h\u00f6rts.<\/p>\n<p>\u2013 Det kommer naturligtvis att h\u00e5llas ett f\u00f6rh\u00f6r, beroende p\u00e5 vad analysen f\u00e5r f\u00f6r resultat. Om det visar sig att det \u00e4r ingenting, s\u00e5 finns ingen anledning att h\u00e5lla n\u00e5got f\u00f6rh\u00f6r.<\/p>\n<p>Hans f\u00f6rhoppning \u00e4r att f\u00e5 ett resultat fr\u00e5n analyserna i slutet p\u00e5 n\u00e4sta vecka.<\/p>\n<p>\u2013\u00a0Men det \u00e4r ju bara en f\u00f6rhoppning. Det \u00e4r ju helt avh\u00e4ngigt hur mycket de har att g\u00f6ra, s\u00e4ger Anders Jakobsson.<\/p>\n<p>Transportstyrelsen bekr\u00e4ftar f\u00f6r DN att Katja Nybergs k\u00f6rkort omh\u00e4ndertagits av polisen, den 28 december.<\/p>\n<p>Orsaken \u00e4r misstanke om nykterhetsbrott. Transportstyrelsen har startat ett utrednings\u00e4rende f\u00f6r att pr\u00f6va k\u00f6rkortsinnehavet. Myndigheten har inga n\u00e4rmare uppgifter om det misst\u00e4nkta brottet och har beg\u00e4rt mer information av polisen.<\/p>\n<p>\u00c4rendet \u00e4r p\u00e5g\u00e5ende och man kan inte l\u00e4mna mer information just nu.<\/p>\n<p><strong>Katja Nyberg skriver<\/strong> i ett skriftligt <a href=\"https:\/\/www.svt.se\/nyheter\/inrikes\/uppgifter-sds-talesperson-i-polisfragor-misstankt-for-rattfylla\" rel=\"nofollow noopener\" target=\"_blank\">uttalande<\/a> till DN att hon inte k\u00e4nner igen sig i anklagelserna.<\/p>\n<p>\u201dUnder mellandagarna r\u00e5kade jag ut f\u00f6r en viltolycka med bilen. I samband med detta fick jag \u00e5ka ner till polisstationen och bl\u00e5sa f\u00f6r alkohol som d\u00e5 inte visade n\u00e5got utslag. Det \u00e4r d\u00e4rf\u00f6r med stor f\u00f6rv\u00e5ning som jag tar del av det som nu skrivs om mig och den h\u00e4r h\u00e4ndelsen. Enheten f\u00f6r s\u00e4rskilda utredningar tittar nu p\u00e5 det h\u00e4r, vilket jag v\u00e4lkomnar eftersom jag inte k\u00e4nner igen mig i detta.\u201d<\/p>\n<p>Katja Nybergs advokat Martin Orler s\u00e4ger att hans klient f\u00f6rnekar brottsmisstankarna best\u00e4mt.<\/p>\n<p>\u2013 Hennes position \u00e4r att inget brott har f\u00f6r\u00f6vats. Ingen brottsmisstanke har delgivits, det har inte h\u00e5llits f\u00f6rh\u00f6r och finns ingen formell brottsmisstanke. Utan de h\u00e4r mediala uppgifterna om de p\u00e5st\u00e5dda brottsmisstankarna och beslagen, de st\u00e4mmer inte med verkligheten.<\/p>\n<p><strong>\u00c5klagaren s\u00e4ger att det har tagits blod- och urinprov och en p\u00e5se med vitt pulver. Men det st\u00e4mmer inte menar du?<\/strong><\/p>\n<p>\u2013 Jag menar bara att v\u00e5r f\u00f6rsvarslinje h\u00e4r \u00e4r att inget brott har f\u00f6r\u00f6vats \u00f6ver huvud taget. Och vad \u00e5klagaren har sagt, f\u00e5r \u00e5klagaren st\u00e5 f\u00f6r, s\u00e4ger Martin Orler.<\/p>\n<p>Enligt en SD-k\u00e4lla ses Nyberg som kompetent internt och nyheten om henne har v\u00e4ckt stor f\u00f6rv\u00e5ning i partiet.<\/p>\n<p>Justitieminister Gunnar Str\u00f6mmer (M) s\u00e4ger till DN att han har noterat uppgifterna om gripandet.<\/p>\n<p>\u2013 Jag har noterat uppgifterna och att det p\u00e5g\u00e5r en r\u00e4ttslig pr\u00f6vning. Jag kan konstatera att uppgifterna om de st\u00e4mmer \u00e4r allvarliga, s\u00e4ger han och h\u00e4nvisar i \u00f6vrigt till den r\u00e4ttsliga pr\u00f6vningen och Sverigedemokraterna.<\/p>\n<p><strong>Sverigedemokraternas presstj\u00e4nst<\/strong> skriver i ett uttalande att de f\u00f6ljer \u00e4rendet.<\/p>\n<p>\u201dDe h\u00e4r uppgifterna \u00e4r naturligtvis mycket allvarliga. Vi kommer att f\u00f6lja detta noga. I nul\u00e4get f\u00e5r vi h\u00e4nvisa till utredningen och avvakta med ytterligare kommentarer.\u201d<\/p>\n","protected":false},"excerpt":{"rendered":"Den sverigedemokratiska riksdagsledamoten Katja Nyberg misst\u00e4nks f\u00f6r rattfylleri sedan mellandagarna, rapporterar Aftonbladet. Hon kontrollerades av polis i V\u00e4rmd\u00f6&hellip;\n","protected":false},"author":2,"featured_media":129963,"comment_status":"","ping_status":"","sticky":false,"template":"","format":"standard","meta":{"footnotes":""},"categories":[5],"tags":[22,23,26,27,17,21,24,25,28,29,15,16,18,34,31,33,32,30,19,20],"class_list":{"0":"post-129962","1":"post","2":"type-post","3":"status-publish","4":"format-standard","5":"has-post-thumbnail","7":"category-rubriker","8":"tag-breaking-news","9":"tag-breakingnews","10":"tag-featured-news","11":"tag-featurednews","12":"tag-headlines","13":"tag-huvudnyheter","14":"tag-latest-news","15":"tag-latestnews","16":"tag-main-news","17":"tag-mainnews","18":"tag-news","19":"tag-nyheter","20":"tag-rubriker","21":"tag-se","22":"tag-svenska","23":"tag-sverige","24":"tag-sweden","25":"tag-swedish","26":"tag-top-stories","27":"tag-topstories"},"share_on_mastodon":{"url":"https:\/\/pubeurope.com\/@se\/115861263654965379","error":""},"_links":{"self":[{"href":"https:\/\/www.europesays.com\/se\/wp-json\/wp\/v2\/posts\/129962","targetHints":{"allow":["GET"]}}],"collection":[{"href":"https:\/\/www.europesays.com\/se\/wp-json\/wp\/v2\/posts"}],"about":[{"href":"https:\/\/www.europesays.com\/se\/wp-json\/wp\/v2\/types\/post"}],"author":[{"embeddable":true,"href":"https:\/\/www.europesays.com\/se\/wp-json\/wp\/v2\/users\/2"}],"replies":[{"embeddable":true,"href":"https:\/\/www.europesays.com\/se\/wp-json\/wp\/v2\/comments?post=129962"}],"version-history":[{"count":0,"href":"https:\/\/www.europesays.com\/se\/wp-json\/wp\/v2\/posts\/129962\/revisions"}],"wp:featuredmedia":[{"embeddable":true,"href":"https:\/\/www.europesays.com\/se\/wp-json\/wp\/v2\/media\/129963"}],"wp:attachment":[{"href":"https:\/\/www.europesays.com\/se\/wp-json\/wp\/v2\/media?parent=129962"}],"wp:term":[{"taxonomy":"category","embeddable":true,"href":"https:\/\/www.europesays.com\/se\/wp-json\/wp\/v2\/categories?post=129962"},{"taxonomy":"post_tag","embeddable":true,"href":"https:\/\/www.europesays.com\/se\/wp-json\/wp\/v2\/tags?post=129962"}],"curies":[{"name":"wp","href":"https:\/\/api.w.org\/{rel}","templated":true}]}}