{"id":129964,"date":"2026-01-08T20:04:10","date_gmt":"2026-01-08T20:04:10","guid":{"rendered":"https:\/\/www.europesays.com\/se\/129964\/"},"modified":"2026-01-08T20:04:10","modified_gmt":"2026-01-08T20:04:10","slug":"jennifer-garner-om-svara-skilsmassan-med-ben-affleck","status":"publish","type":"post","link":"https:\/\/www.europesays.com\/se\/129964\/","title":{"rendered":"Jennifer Garner om sv\u00e5ra skilsm\u00e4ssan med Ben Affleck"},"content":{"rendered":"<p>Publicerad 8 jan 2026 kl 20.56<\/p>\n<p>Hollywoodstj\u00e4rnan Jennifer Garner \u00f6ppnar nu upp om skilsm\u00e4ssan med Ben Affleck.\u00a0<\/p>\n<p>I en ny intervju ber\u00e4ttar hon om hur tufft det var n\u00e4r familjen f\u00f6ll is\u00e4r \u2013 och hur hon kom tillbaka starkare.<\/p>\n<p><img   alt=\"\"\/><\/p>\n<p>Jennifer Garner och Ben Affleck separerade 2015 och skilde sig 2018.<\/p>\n<p>\u00d6ppna bild i helsk\u00e4rm<img loading=\"lazy\"   alt=\"\"\/><\/p>\n<p>Ben Affleck och Jennifer Garner fick tre barn ihop.<\/p>\n<p>Foto: ENT \/ SPLASHNEWS.COM \/ STELLA PICTURES \/ SPLASH NEWS<\/p>\n<p>\u00d6ppna bild i helsk\u00e4rm<img loading=\"lazy\"   alt=\"\"\/><\/p>\n<p>Garner och Affleck 2017.<\/p>\n<p>Foto: X17ONLINE.COM \/ X17ONLINE.COM\/IBL X17 INC<\/p>\n<p>\u00d6ppna bild i helsk\u00e4rm<img loading=\"lazy\"   alt=\"\"\/><\/p>\n<p>ennifer Garner.<\/p>\n<p>Foto: Image Press Agency\/NurPhoto\/Shuttersto \/ SHUTTERSTOCK EDITORIAL\/IBL<\/p>\n<p>\u00d6ppna bild i helsk\u00e4rm<img loading=\"lazy\"   alt=\"\"\/><\/p>\n<p>Jennifer Garner.<\/p>\n<p>Foto: XAVIER COLLIN\/IMAGE PRESS AGENCY \/ STELLA PICTURES\/AVALON.RED B7996<\/p>\n<p>\u00d6ppna bild i helsk\u00e4rm<\/p>\n<p>N\u00e4r sk\u00e5despelarna <a href=\"https:\/\/www.expressen.se\/tagg\/person\/jennifer-garner\/\" class=\"\" rel=\"nofollow noopener\" target=\"_blank\">Jennifer Garner<\/a>, 53, och Ben Affleck, 53, gick skilda v\u00e4gar 2015 hade de varit gifta i 10 \u00e5r och f\u00e5tt tre barn ihop. 2018 fullf\u00f6ljdes skilsm\u00e4ssan efter floder av skriverier, rubriker och ryktesspridning.<\/p>\n<p>Jennifer Garner har s\u00e4llan gett kommentarer kring separationen och den uppslitande tiden omkring den.<\/p>\n<p>Nu g\u00f6r hon dock ett ovanligt uttalande i <a href=\"https:\/\/www.marieclaire.co.uk\/fashion\/jennifer-garner\" rel=\"nofollow noopener\" target=\"_blank\">en intervju<\/a> med Marie Claire UK.<\/p>\n<p>Hon s\u00e4ger att hon medvetet h\u00f6ll sig borta fr\u00e5n all mediespekulation n\u00e4r det h\u00e4nde.<\/p>\n<p>\u2013 Man m\u00e5ste t\u00e4nka till kring vad man klarar och inte klarar av och jag kunde inte hantera skriverierna d\u00e4r ute, s\u00e4ger hon i artikeln.<\/p>\n<p>Relationer har blivit viktigare<\/p>\n<p>Jennifer Garner f\u00f6rklarar ocks\u00e5 att det inte fr\u00e4mst var rubrikerna som var det jobbiga.<\/p>\n<p>\u2013\u00a0Sj\u00e4lva splittringen av familjen \u00e4r det som var tufft. Att f\u00f6rlora ett \u00e4kta partnerskap och en s\u00e5dan v\u00e4nskap \u00e4r vad som var tungt, s\u00e4ger hon.<\/p>\n<p>I dag har Garner och Affleck en bra relation och samarbetar som f\u00f6r\u00e4ldrar till barnen Violet, Seraphina och Samuel.<\/p>\n<p>Garner s\u00e4ger ocks\u00e5 att hon \u00e4r tillbaka p\u00e5 banan efter separationen och att den l\u00e4rt henne att v\u00e4rdes\u00e4tta sina n\u00e4ra relationer mer \u00e4n n\u00e5gonsin.<\/p>\n<p>\u2013\u00a0Jag g\u00f6r en stor och medveten anstr\u00e4ngning f\u00f6r att tr\u00e4ffa mina n\u00e4ra s\u00e5 mycket jag kan, eftersom det \u00e4r det som verkligen betyder n\u00e5got.<\/p>\n<p>\u2013 Det \u00e4r d\u00e4r man har sin motst\u00e5ndskraft: I relationerna och i de m\u00e4nniskor som b\u00e4r dig genom livet, s\u00e4ger hon <a href=\"https:\/\/www.marieclaire.co.uk\/fashion\/jennifer-garner\" rel=\"nofollow noopener\" target=\"_blank\">till<\/a> Marie Claire UK.<\/p>\n","protected":false},"excerpt":{"rendered":"Publicerad 8 jan 2026 kl 20.56 Hollywoodstj\u00e4rnan Jennifer Garner \u00f6ppnar nu upp om skilsm\u00e4ssan med Ben Affleck.\u00a0 I&hellip;\n","protected":false},"author":2,"featured_media":129965,"comment_status":"","ping_status":"","sticky":false,"template":"","format":"standard","meta":{"footnotes":""},"categories":[67],"tags":[104,2371,13355,34,31,33,32,30,310,547,105],"class_list":{"0":"post-129964","1":"post","2":"type-post","3":"status-publish","4":"format-standard","5":"has-post-thumbnail","7":"category-underhallning","8":"tag-entertainment","9":"tag-person-ben-affleck","10":"tag-person-jennifer-garner","11":"tag-se","12":"tag-svenska","13":"tag-sverige","14":"tag-sweden","15":"tag-swedish","16":"tag-topic-kandisar","17":"tag-topic-karlek-relationer","18":"tag-underhallning"},"share_on_mastodon":{"url":"https:\/\/pubeurope.com\/@se\/115861275483750728","error":""},"_links":{"self":[{"href":"https:\/\/www.europesays.com\/se\/wp-json\/wp\/v2\/posts\/129964","targetHints":{"allow":["GET"]}}],"collection":[{"href":"https:\/\/www.europesays.com\/se\/wp-json\/wp\/v2\/posts"}],"about":[{"href":"https:\/\/www.europesays.com\/se\/wp-json\/wp\/v2\/types\/post"}],"author":[{"embeddable":true,"href":"https:\/\/www.europesays.com\/se\/wp-json\/wp\/v2\/users\/2"}],"replies":[{"embeddable":true,"href":"https:\/\/www.europesays.com\/se\/wp-json\/wp\/v2\/comments?post=129964"}],"version-history":[{"count":0,"href":"https:\/\/www.europesays.com\/se\/wp-json\/wp\/v2\/posts\/129964\/revisions"}],"wp:featuredmedia":[{"embeddable":true,"href":"https:\/\/www.europesays.com\/se\/wp-json\/wp\/v2\/media\/129965"}],"wp:attachment":[{"href":"https:\/\/www.europesays.com\/se\/wp-json\/wp\/v2\/media?parent=129964"}],"wp:term":[{"taxonomy":"category","embeddable":true,"href":"https:\/\/www.europesays.com\/se\/wp-json\/wp\/v2\/categories?post=129964"},{"taxonomy":"post_tag","embeddable":true,"href":"https:\/\/www.europesays.com\/se\/wp-json\/wp\/v2\/tags?post=129964"}],"curies":[{"name":"wp","href":"https:\/\/api.w.org\/{rel}","templated":true}]}}