{"id":129966,"date":"2026-01-08T20:06:13","date_gmt":"2026-01-08T20:06:13","guid":{"rendered":"https:\/\/www.europesays.com\/se\/129966\/"},"modified":"2026-01-08T20:06:13","modified_gmt":"2026-01-08T20:06:13","slug":"vi-kan-runda-hd-med-nya-tullar","status":"publish","type":"post","link":"https:\/\/www.europesays.com\/se\/129966\/","title":{"rendered":"Vi kan runda HD med nya tullar"},"content":{"rendered":"<p>USA:s h\u00f6gsta domstol kan sl\u00e5 fast att Donald Trumps tullar \u00e4r olagliga redan p\u00e5 fredag. Men finansminister Scott Bessent verkar inte orolig, skriver Reuters.<\/p>\n<p>Han menar att Trumpadministrationen skulle kunna ers\u00e4tta eventuella bortfall av tullint\u00e4kter genom att inf\u00f6ra tullar med st\u00f6d av andra juridiska befogenheter.<\/p>\n<p>I ett tal vid ett evenemang arrangerat av Economic Club of Minnesota f\u00f6rsvarar han tullarna och s\u00e4ger att USA lyckats tvinga Kina, Mexiko och Kanada till f\u00f6rhandlingsbordet.<\/p>\n<p>Omni \u00e4r politiskt obundna och oberoende. Vi str\u00e4var efter att ge fler perspektiv p\u00e5 nyheterna. Har du fr\u00e5gor eller synpunkter kring v\u00e5r rapportering? <a href=\"https:\/\/omni.se\/bessent-vi-kan-runda-hd-med-nya-tullar\/a\/mailto:redaktion@omni.se\" class=\"ArticleActions_contactLink__W2F1M\" rel=\"nofollow noopener\" target=\"_blank\">Kontakta redaktionen<\/a><\/p>\n","protected":false},"excerpt":{"rendered":"USA:s h\u00f6gsta domstol kan sl\u00e5 fast att Donald Trumps tullar \u00e4r olagliga redan p\u00e5 fredag. Men finansminister Scott&hellip;\n","protected":false},"author":2,"featured_media":129967,"comment_status":"","ping_status":"","sticky":false,"template":"","format":"standard","meta":{"footnotes":""},"categories":[65],"tags":[72,70,71,1108,549,5554,268,2581,34,31,33,32,30,77,74],"class_list":{"0":"post-129966","1":"post","2":"type-post","3":"status-publish","4":"format-standard","5":"has-post-thumbnail","7":"category-ekonomi","8":"tag-business","9":"tag-economy","10":"tag-ekonomi","11":"tag-internationell-handel","12":"tag-kina","13":"tag-mexiko","14":"tag-nordamerika","15":"tag-scott-bessent","16":"tag-se","17":"tag-svenska","18":"tag-sverige","19":"tag-sweden","20":"tag-swedish","21":"tag-tullkrisen","22":"tag-usa"},"share_on_mastodon":{"url":"https:\/\/pubeurope.com\/@se\/115861283312193183","error":""},"_links":{"self":[{"href":"https:\/\/www.europesays.com\/se\/wp-json\/wp\/v2\/posts\/129966","targetHints":{"allow":["GET"]}}],"collection":[{"href":"https:\/\/www.europesays.com\/se\/wp-json\/wp\/v2\/posts"}],"about":[{"href":"https:\/\/www.europesays.com\/se\/wp-json\/wp\/v2\/types\/post"}],"author":[{"embeddable":true,"href":"https:\/\/www.europesays.com\/se\/wp-json\/wp\/v2\/users\/2"}],"replies":[{"embeddable":true,"href":"https:\/\/www.europesays.com\/se\/wp-json\/wp\/v2\/comments?post=129966"}],"version-history":[{"count":0,"href":"https:\/\/www.europesays.com\/se\/wp-json\/wp\/v2\/posts\/129966\/revisions"}],"wp:featuredmedia":[{"embeddable":true,"href":"https:\/\/www.europesays.com\/se\/wp-json\/wp\/v2\/media\/129967"}],"wp:attachment":[{"href":"https:\/\/www.europesays.com\/se\/wp-json\/wp\/v2\/media?parent=129966"}],"wp:term":[{"taxonomy":"category","embeddable":true,"href":"https:\/\/www.europesays.com\/se\/wp-json\/wp\/v2\/categories?post=129966"},{"taxonomy":"post_tag","embeddable":true,"href":"https:\/\/www.europesays.com\/se\/wp-json\/wp\/v2\/tags?post=129966"}],"curies":[{"name":"wp","href":"https:\/\/api.w.org\/{rel}","templated":true}]}}