{"id":129968,"date":"2026-01-08T20:07:11","date_gmt":"2026-01-08T20:07:11","guid":{"rendered":"https:\/\/www.europesays.com\/se\/129968\/"},"modified":"2026-01-08T20:07:11","modified_gmt":"2026-01-08T20:07:11","slug":"expert-om-dodsskjutningen-i-usa-inte-nodvarn","status":"publish","type":"post","link":"https:\/\/www.europesays.com\/se\/129968\/","title":{"rendered":"Expert om d\u00f6dsskjutningen i USA: Inte n\u00f6dv\u00e4rn"},"content":{"rendered":"<p>\u2013Det d\u00e4r \u00e4r inte sj\u00e4lvf\u00f6rsvar, s\u00e4ger Annika Nor\u00e9e, docent i straffr\u00e4tt, efter att ha sett videor som visar h\u00e4ndelsef\u00f6rloppet i Minneapolis d\u00e4r polisen skjuter en kvinna i en bil efter att hon k\u00f6r fr\u00e5n platsen i l\u00e5g hastighet.Hon f\u00f6rklarar att en polis har samma r\u00e4tt som vanliga m\u00e4nniskor att anv\u00e4nda v\u00e5ld f\u00f6r att f\u00f6rsvara sig sj\u00e4lva eller n\u00e5gon annan, till exempel i en<\/p>\n","protected":false},"excerpt":{"rendered":"\u2013Det d\u00e4r \u00e4r inte sj\u00e4lvf\u00f6rsvar, s\u00e4ger Annika Nor\u00e9e, docent i straffr\u00e4tt, efter att ha sett videor som visar&hellip;\n","protected":false},"author":2,"featured_media":129969,"comment_status":"","ping_status":"","sticky":false,"template":"","format":"standard","meta":{"footnotes":""},"categories":[14],"tags":[22,23,26,27,17,21,24,25,28,29,15,16,18,34,31,33,32,30,19,20,51,52,53,54],"class_list":{"0":"post-129968","1":"post","2":"type-post","3":"status-publish","4":"format-standard","5":"has-post-thumbnail","7":"category-varlden","8":"tag-breaking-news","9":"tag-breakingnews","10":"tag-featured-news","11":"tag-featurednews","12":"tag-headlines","13":"tag-huvudnyheter","14":"tag-latest-news","15":"tag-latestnews","16":"tag-main-news","17":"tag-mainnews","18":"tag-news","19":"tag-nyheter","20":"tag-rubriker","21":"tag-se","22":"tag-svenska","23":"tag-sverige","24":"tag-sweden","25":"tag-swedish","26":"tag-top-stories","27":"tag-topstories","28":"tag-varlden","29":"tag-world","30":"tag-world-news","31":"tag-worldnews"},"share_on_mastodon":{"url":"https:\/\/pubeurope.com\/@se\/115861287267656986","error":""},"_links":{"self":[{"href":"https:\/\/www.europesays.com\/se\/wp-json\/wp\/v2\/posts\/129968","targetHints":{"allow":["GET"]}}],"collection":[{"href":"https:\/\/www.europesays.com\/se\/wp-json\/wp\/v2\/posts"}],"about":[{"href":"https:\/\/www.europesays.com\/se\/wp-json\/wp\/v2\/types\/post"}],"author":[{"embeddable":true,"href":"https:\/\/www.europesays.com\/se\/wp-json\/wp\/v2\/users\/2"}],"replies":[{"embeddable":true,"href":"https:\/\/www.europesays.com\/se\/wp-json\/wp\/v2\/comments?post=129968"}],"version-history":[{"count":0,"href":"https:\/\/www.europesays.com\/se\/wp-json\/wp\/v2\/posts\/129968\/revisions"}],"wp:featuredmedia":[{"embeddable":true,"href":"https:\/\/www.europesays.com\/se\/wp-json\/wp\/v2\/media\/129969"}],"wp:attachment":[{"href":"https:\/\/www.europesays.com\/se\/wp-json\/wp\/v2\/media?parent=129968"}],"wp:term":[{"taxonomy":"category","embeddable":true,"href":"https:\/\/www.europesays.com\/se\/wp-json\/wp\/v2\/categories?post=129968"},{"taxonomy":"post_tag","embeddable":true,"href":"https:\/\/www.europesays.com\/se\/wp-json\/wp\/v2\/tags?post=129968"}],"curies":[{"name":"wp","href":"https:\/\/api.w.org\/{rel}","templated":true}]}}