{"id":129974,"date":"2026-01-08T20:15:13","date_gmt":"2026-01-08T20:15:13","guid":{"rendered":"https:\/\/www.europesays.com\/se\/129974\/"},"modified":"2026-01-08T20:15:13","modified_gmt":"2026-01-08T20:15:13","slug":"zelenskyj-varnar-for-stor-rysk-attack-mot-kyiv-i-natt","status":"publish","type":"post","link":"https:\/\/www.europesays.com\/se\/129974\/","title":{"rendered":"Zelenskyj varnar f\u00f6r stor rysk attack mot Kyiv i\u00a0natt"},"content":{"rendered":"<p>Ukraina har information om att en massiv rysk attack mot Kyiv kan komma i\u202fnatt, s\u00e4ger president Zelenskyj i ett klipp p\u00e5 X.<\/p>\n<p>Han uppmanar inv\u00e5nare att vara uppm\u00e4rksamma p\u00e5 flyglarm och vara redo att ta sig till skyddsrum. <\/p>\n<p>\u2013 Ryssarna har inte f\u00f6r\u00e4ndrats. De f\u00f6rs\u00f6ker utnyttja det h\u00e5rda vinterv\u00e4dret, som f\u00f6rv\u00e4rrats betydligt i flera regioner och orsakar problem f\u00f6r v\u00e4gar och samh\u00e4llsservice, s\u00e4ger han.<\/p>\n<p>R\u00e4ddningstj\u00e4nsten \u00e4r f\u00f6rsatt i beredskapsl\u00e4ge, till\u00e4gger presidenten.<\/p>\n<p>Omni \u00e4r politiskt obundna och oberoende. Vi str\u00e4var efter att ge fler perspektiv p\u00e5 nyheterna. Har du fr\u00e5gor eller synpunkter kring v\u00e5r rapportering? <a href=\"https:\/\/omni.se\/zelenskyj-varnar-for-stor-rysk-attack-mot-kyiv-inatt\/a\/mailto:redaktion@omni.se\" class=\"ArticleActions_contactLink__W2F1M\" rel=\"nofollow noopener\" target=\"_blank\">Kontakta redaktionen<\/a><\/p>\n","protected":false},"excerpt":{"rendered":"Ukraina har information om att en massiv rysk attack mot Kyiv kan komma i\u202fnatt, s\u00e4ger president Zelenskyj i&hellip;\n","protected":false},"author":2,"featured_media":129975,"comment_status":"","ping_status":"","sticky":false,"template":"","format":"standard","meta":{"footnotes":""},"categories":[14],"tags":[22,23,267,26,27,17,21,24,25,28,29,15,16,18,269,264,34,31,33,32,30,19,20,263,51,262,52,53,54],"class_list":{"0":"post-129974","1":"post","2":"type-post","3":"status-publish","4":"format-standard","5":"has-post-thumbnail","7":"category-varlden","8":"tag-breaking-news","9":"tag-breakingnews","10":"tag-europa","11":"tag-featured-news","12":"tag-featurednews","13":"tag-headlines","14":"tag-huvudnyheter","15":"tag-latest-news","16":"tag-latestnews","17":"tag-main-news","18":"tag-mainnews","19":"tag-news","20":"tag-nyheter","21":"tag-rubriker","22":"tag-ryska-invasionen","23":"tag-ryssland","24":"tag-se","25":"tag-svenska","26":"tag-sverige","27":"tag-sweden","28":"tag-swedish","29":"tag-top-stories","30":"tag-topstories","31":"tag-ukraina","32":"tag-varlden","33":"tag-volodymyr-zelenskyj","34":"tag-world","35":"tag-world-news","36":"tag-worldnews"},"share_on_mastodon":{"url":"https:\/\/pubeurope.com\/@se\/115861318710324070","error":""},"_links":{"self":[{"href":"https:\/\/www.europesays.com\/se\/wp-json\/wp\/v2\/posts\/129974","targetHints":{"allow":["GET"]}}],"collection":[{"href":"https:\/\/www.europesays.com\/se\/wp-json\/wp\/v2\/posts"}],"about":[{"href":"https:\/\/www.europesays.com\/se\/wp-json\/wp\/v2\/types\/post"}],"author":[{"embeddable":true,"href":"https:\/\/www.europesays.com\/se\/wp-json\/wp\/v2\/users\/2"}],"replies":[{"embeddable":true,"href":"https:\/\/www.europesays.com\/se\/wp-json\/wp\/v2\/comments?post=129974"}],"version-history":[{"count":0,"href":"https:\/\/www.europesays.com\/se\/wp-json\/wp\/v2\/posts\/129974\/revisions"}],"wp:featuredmedia":[{"embeddable":true,"href":"https:\/\/www.europesays.com\/se\/wp-json\/wp\/v2\/media\/129975"}],"wp:attachment":[{"href":"https:\/\/www.europesays.com\/se\/wp-json\/wp\/v2\/media?parent=129974"}],"wp:term":[{"taxonomy":"category","embeddable":true,"href":"https:\/\/www.europesays.com\/se\/wp-json\/wp\/v2\/categories?post=129974"},{"taxonomy":"post_tag","embeddable":true,"href":"https:\/\/www.europesays.com\/se\/wp-json\/wp\/v2\/tags?post=129974"}],"curies":[{"name":"wp","href":"https:\/\/api.w.org\/{rel}","templated":true}]}}