{"id":129976,"date":"2026-01-08T20:17:24","date_gmt":"2026-01-08T20:17:24","guid":{"rendered":"https:\/\/www.europesays.com\/se\/129976\/"},"modified":"2026-01-08T20:17:24","modified_gmt":"2026-01-08T20:17:24","slug":"danmarks-ambassador-pa-plats-i-vita-huset","status":"publish","type":"post","link":"https:\/\/www.europesays.com\/se\/129976\/","title":{"rendered":"Danmarks ambassad\u00f6r p\u00e5 plats i Vita huset"},"content":{"rendered":"<p class=\"boxtextgrotesk-root_baa6 hyperion-css-7pajle\">Uppdaterad 20.18 | Publicerad 18.04<\/p>\n<p>share-arrowDela<\/p>\n<p>unsaveSpara<\/p>\n<p>expand-left<\/p>\n<p>helsk\u00e4rm<img decoding=\"async\" class=\"image-asset hyperion-css-u06ts1\" data-test-tag=\"image-asset\" src=\"https:\/\/www.europesays.com\/se\/wp-content\/uploads\/2026\/01\/30d2b516-2aeb-484c-a3fe-e9d6d37d1273.jpeg\"  alt=\"Vita huset. Bilden \u00e4r tagen 3 januari.\"  loading=\"eager\" fetchpriority=\"high\" style=\"aspect-ratio:1900 \/ 1267\"\/>Vita huset. Bilden \u00e4r tagen 3 januari. Foto: Julia Demaree Nikhinson\/AP\/TT<\/p>\n<p class=\"hyperion-css-1shl3oz\" data-test-tag=\"lead-text\">Danmarks ambassad\u00f6r i USA befinner sig i Vita huset f\u00f6r ett m\u00f6te med h\u00f6gt uppsatta amerikanska f\u00f6retr\u00e4dare, enligt uppgifter till DR och andra danska medier.<\/p>\n<p class=\"hyperion-css-1shl3oz\" data-test-tag=\"lead-text\">USA:s vicepresident JD Vance s\u00e4ger samtidigt att omv\u00e4rlden ska ta president Donald Trump p\u00e5 allvar n\u00e4r det g\u00e4ller Gr\u00f6nlands framtid.<\/p>\n<p class=\"hyperion-css-1v9qo5x\">Uppgifterna om det danska bes\u00f6ket kommer sedan USA:s utrikesminister Marco Rubio i onsdags meddelade att han n\u00e4sta vecka ska tr\u00e4ffa representanter f\u00f6r Danmark med anledning av utveckling kring Gr\u00f6nland.<\/p>\n<p class=\"hyperion-css-1v9qo5x\">Sp\u00e4nningarna mellan Washington och K\u00f6penhamn \u00e4r p\u00e5 h\u00f6gsp\u00e4nn till f\u00f6ljd av president Trumps alltmer aggressiva utspel om att USA ska ta \u00f6ver styret av Gr\u00f6nland.<\/p>\n<p class=\"hyperion-css-1v9qo5x\">I m\u00e5ndags gav Trump sina r\u00e5dgivare i uppdrag att ta fram en ny plan f\u00f6r att \u201dk\u00f6pa\u201d Gr\u00f6nland.<\/p>\n<p class=\"hyperion-css-1v9qo5x\">P\u00e5 torsdagen meddelade vicepresident Vance p\u00e5 en presskonferens att Europa b\u00f6r ta Trumps f\u00f6rslag om Gr\u00f6nland \u201dp\u00e5 allvar\u201d.<\/p>\n<p class=\"hyperion-css-1v9qo5x\">\u2013 Jag antar att mitt r\u00e5d till de europeiska ledarna och alla andra \u00e4r att ta USA:s president p\u00e5 allvar, sade Vance p\u00e5 pressm\u00f6tet i Vita huset.<\/p>\n<p class=\"hyperion-css-1v9qo5x\">Vita huset har ocks\u00e5 meddelat att det \u201dalltid \u00e4r en m\u00f6jlighet\u201d f\u00f6r USA att anv\u00e4nda milit\u00e4r kraft f\u00f6r att ta \u00f6ver Gr\u00f6nland, vilket v\u00e4ckt ilska i Natolandet Danmark och inom EU.<\/p>\n","protected":false},"excerpt":{"rendered":"Uppdaterad 20.18 | Publicerad 18.04 share-arrowDela unsaveSpara expand-left helsk\u00e4rmVita huset. Bilden \u00e4r tagen 3 januari. Foto: Julia Demaree&hellip;\n","protected":false},"author":2,"featured_media":129977,"comment_status":"","ping_status":"","sticky":false,"template":"","format":"standard","meta":{"footnotes":""},"categories":[5],"tags":[22,23,26,27,17,21,24,25,28,29,15,16,18,34,31,33,32,30,19,20],"class_list":{"0":"post-129976","1":"post","2":"type-post","3":"status-publish","4":"format-standard","5":"has-post-thumbnail","7":"category-rubriker","8":"tag-breaking-news","9":"tag-breakingnews","10":"tag-featured-news","11":"tag-featurednews","12":"tag-headlines","13":"tag-huvudnyheter","14":"tag-latest-news","15":"tag-latestnews","16":"tag-main-news","17":"tag-mainnews","18":"tag-news","19":"tag-nyheter","20":"tag-rubriker","21":"tag-se","22":"tag-svenska","23":"tag-sverige","24":"tag-sweden","25":"tag-swedish","26":"tag-top-stories","27":"tag-topstories"},"share_on_mastodon":{"url":"https:\/\/pubeurope.com\/@se\/115861326583215577","error":""},"_links":{"self":[{"href":"https:\/\/www.europesays.com\/se\/wp-json\/wp\/v2\/posts\/129976","targetHints":{"allow":["GET"]}}],"collection":[{"href":"https:\/\/www.europesays.com\/se\/wp-json\/wp\/v2\/posts"}],"about":[{"href":"https:\/\/www.europesays.com\/se\/wp-json\/wp\/v2\/types\/post"}],"author":[{"embeddable":true,"href":"https:\/\/www.europesays.com\/se\/wp-json\/wp\/v2\/users\/2"}],"replies":[{"embeddable":true,"href":"https:\/\/www.europesays.com\/se\/wp-json\/wp\/v2\/comments?post=129976"}],"version-history":[{"count":0,"href":"https:\/\/www.europesays.com\/se\/wp-json\/wp\/v2\/posts\/129976\/revisions"}],"wp:featuredmedia":[{"embeddable":true,"href":"https:\/\/www.europesays.com\/se\/wp-json\/wp\/v2\/media\/129977"}],"wp:attachment":[{"href":"https:\/\/www.europesays.com\/se\/wp-json\/wp\/v2\/media?parent=129976"}],"wp:term":[{"taxonomy":"category","embeddable":true,"href":"https:\/\/www.europesays.com\/se\/wp-json\/wp\/v2\/categories?post=129976"},{"taxonomy":"post_tag","embeddable":true,"href":"https:\/\/www.europesays.com\/se\/wp-json\/wp\/v2\/tags?post=129976"}],"curies":[{"name":"wp","href":"https:\/\/api.w.org\/{rel}","templated":true}]}}