{"id":129978,"date":"2026-01-08T20:25:28","date_gmt":"2026-01-08T20:25:28","guid":{"rendered":"https:\/\/www.europesays.com\/se\/129978\/"},"modified":"2026-01-08T20:25:28","modified_gmt":"2026-01-08T20:25:28","slug":"sa-firas-kung-carl-xvi-gustaf-pa-80-arsdagen-och-guldbrollopet","status":"publish","type":"post","link":"https:\/\/www.europesays.com\/se\/129978\/","title":{"rendered":"S\u00e5 firas kung Carl XVI Gustaf p\u00e5 80-\u00e5rsdagen och guldbr\u00f6llopet"},"content":{"rendered":"<p>S\u00e5 ska kungaparet firas 2026<a data-test-tag=\"internal-link\" href=\"https:\/\/www.aftonbladet.se\/av\/jenny-alexandersson\" class=\"hyperion-css-13ns1rr\" rel=\"nofollow noopener\" target=\"\" aria-label=\"Se alla artiklar av Jenny Alexandersson\"><img decoding=\"async\" class=\"image-asset hyperion-css-n6kkq1\" data-test-tag=\"image-asset\" src=\"https:\/\/www.europesays.com\/se\/wp-content\/uploads\/2026\/01\/8e534389-b865-43b3-91f1-f68a34487f06.png\"  alt=\"\"  loading=\"lazy\" fetchpriority=\"auto\" style=\"aspect-ratio:1900 \/ 1900\"\/><\/a>share-arrowDela<\/p>\n<p>unsaveSpara<\/p>\n<p>expand-left<\/p>\n<p>helsk\u00e4rm<img decoding=\"async\" class=\"image-asset hyperion-css-hfzrd0\" data-test-tag=\"image-asset\" src=\"https:\/\/www.europesays.com\/se\/wp-content\/uploads\/2026\/01\/ca787ad8-c83e-4f35-a5d2-1854bcc47945.jpeg\"  alt=\"Ny bild p\u00e5 kungaparet f\u00f6r att uppm\u00e4rksamma jubileums\u00e5ret 2026. \"  loading=\"eager\" fetchpriority=\"high\" style=\"aspect-ratio:1900 \/ 2848\"\/>Ny bild p\u00e5 kungaparet f\u00f6r att uppm\u00e4rksamma jubileums\u00e5ret 2026. Foto: Elisabeth Toll\/Kungl. Hovstaterna<\/p>\n<p class=\"hyperion-css-1shl3oz\" data-test-tag=\"lead-text\">Det blir ett dubbelt jubileums\u00e5r i \u00e5r. <\/p>\n<p class=\"hyperion-css-1shl3oz\" data-test-tag=\"lead-text\">Carl XVI Gustaf fyller 80 \u00e5r och kungaparet har varit gifta i 50 \u00e5r. <\/p>\n<p class=\"hyperion-css-1shl3oz\" data-test-tag=\"lead-text\">Kungahuset bjuder p\u00e5 b\u00e5de nostalgisk h\u00e4stkortege och pampig galamiddag. <\/p>\n<p class=\"hyperion-css-1v9qo5x\">F\u00f6r 80 \u00e5r sedan fick Sverige en \u201dlillprins\u201d. Pappa, prins Gustaf Adolf, svimmade av r\u00f6relse i f\u00f6rlossningsrummet p\u00e5 <a data-test-tag=\"internal-link\" href=\"https:\/\/www.aftonbladet.se\/tagg\/kungliga-slottet\" class=\"hyperion-css-15jkft9\" rel=\"nofollow noopener\" target=\"\" aria-label=\"Kungliga slottet\">Kungliga slottet<\/a>. Prinsessan Sibyllas f\u00f6rlossning var sv\u00e5r och komplicerad. Dessutom hade Sverige \u00e4ntligen f\u00e5tt en tronf\u00f6ljare, p\u00e5 den tiden r\u00e5dde fortfarande manlig tronf\u00f6ljd. <\/p>\n<p class=\"hyperion-css-1v9qo5x\">Som liten ville kungen bli bonde, lokf\u00f6rare eller traktorf\u00f6rare.<\/p>\n<p class=\"hyperion-css-1v9qo5x\">I\u00a0st\u00e4llet blev det som det var f\u00f6rutbest\u00e4mt och kungen har nu varit statschef i snart 53 \u00e5r. <\/p>\n<p class=\"hyperion-css-1v9qo5x\">Som blivande 80-\u00e5ring har han inte bara ett l\u00e5ngt regentskap bakom sig utan \u00e4ven ett l\u00e5ngt \u00e4ktenskap. I \u00e5r firar kungaparet n\u00e4mligen guldbr\u00f6llop. <\/p>\n<p>expand-left<\/p>\n<p>helsk\u00e4rm<img decoding=\"async\" class=\"image-asset hyperion-css-vywdin\" data-test-tag=\"image-asset\" src=\"https:\/\/www.europesays.com\/se\/wp-content\/uploads\/2026\/01\/d6819742-64dc-414f-b0e2-53ef4a7e9357.jpeg\"  alt=\"Kungen fyller 80 \u00e5r v\u00e5ren 2026.\"  loading=\"eager\" fetchpriority=\"high\" style=\"aspect-ratio:1200 \/ 1802\"\/>Kungen fyller 80 \u00e5r v\u00e5ren 2026. Foto: Elisabeth Toll\/Kungl. Hovstaterna<\/p>\n<p class=\"hyperion-css-1v9qo5x\">Kungens 80-\u00e5rsdag p\u00e5 valborgsm\u00e4ssoafton startar ocks\u00e5 med en tacks\u00e4gelsegudstj\u00e4nst. Han kommer sedan uppvaktas med en st\u00f6rre milit\u00e4r hedersuppvaktning p\u00e5 Kungliga slottets yttre borgg\u00e5rd. Sedan kliver kungen ut p\u00e5 Lejonbacken f\u00f6r att att njuta av en s\u00e5ngarhyllning och ta emot allm\u00e4nhetens gratulationer under dagen. <\/p>\n<p class=\"hyperion-css-1v9qo5x\">P\u00e5 kv\u00e4llen blir det fest p\u00e5 slottet. D\u00e5 f\u00e5r specialinbjudna g\u00e4ster kliva in i festsalarna f\u00f6r en pampig galamiddag till f\u00f6delsedagsbarnets \u00e4ra. <\/p>\n<p class=\"hyperion-css-1v9qo5x\">Hovet har publicerat tre nya bilder p\u00e5 kungen och drottningen f\u00f6r att uppm\u00e4rksamma de tv\u00e5 jubileerna. <\/p>\n<p>expand-left<\/p>\n<p>helsk\u00e4rm<img decoding=\"async\" class=\"image-asset hyperion-css-u06ts1\" data-test-tag=\"image-asset\" src=\"https:\/\/www.europesays.com\/se\/wp-content\/uploads\/2026\/01\/a203ca36-e9a0-4912-8811-801f1df51979.jpeg\"  alt=\"Frim\u00e4rkena bygger p\u00e5 fotografier av Elisabeth Toll\/ Kungl. Hovstaterna. Design: Daniel Bjug\u00e5rd.\"  loading=\"eager\" fetchpriority=\"high\" style=\"aspect-ratio:1900 \/ 1004\"\/>Frim\u00e4rkena bygger p\u00e5 fotografier av Elisabeth Toll\/ Kungl. Hovstaterna. Design: Daniel Bjug\u00e5rd. Foto: Postnord<\/p>\n<p class=\"hyperion-css-1v9qo5x\">Det uppm\u00e4rksammas bland annat med hj\u00e4lp av en nostalgisk k\u00e4rlekskortege genom Stockholm. B\u00e5de med h\u00e4st och vagn och \u00f6ver vatten med Vasaslupen. <\/p>\n<p class=\"hyperion-css-1v9qo5x\">Kungaparet gifte sig den 19 juni 1976, men i \u00e5r infaller midsommarafton just det datumet. D\u00e4rf\u00f6r firar man br\u00f6llopsdagen den 13 juni ist\u00e4llet, <a aria-label=\"meddelar hovet. \" class=\"default hyperion-css-15jkft9\" href=\"https:\/\/www.kungahuset.se\/arkiv\/nyheter\/2026-01-07-kungen-och-drottningen-firas-under-2026\" rel=\"noopener nofollow noreferrer\" data-test-tag=\"external-link\" target=\"_blank\">meddelar hovet. <\/a><\/p>\n<p class=\"hyperion-css-1v9qo5x\">Guldbr\u00f6llopsfirandet inleds med ett &#8221;Te Deum&#8221; f\u00f6r specialinbjudna g\u00e4ster i Slottskyrkan. Fler detaljer kring firandet kommer att offentligg\u00f6ras senare. <\/p>\n<p class=\"hyperion-css-1v9qo5x\">Alla som vill kommer \u00e4ven att kunna uppleva en utst\u00e4llning om kungaparets 50 \u00e5r som gifta p\u00e5 Kungliga slottet.<\/p>\n<p class=\"hyperion-css-1v9qo5x\">Jubileet inneb\u00e4r \u00e4ven att <a data-test-tag=\"internal-link\" href=\"https:\/\/www.aftonbladet.se\/tagg\/drottning-silvia\" class=\"hyperion-css-15jkft9\" rel=\"nofollow noopener\" target=\"\" aria-label=\"drottning Silvia\">drottning Silvia<\/a> har varit Sveriges drottning i 50 \u00e5r. <\/p>\n<p class=\"hyperion-css-1v9qo5x\">Postnord sl\u00e4pper tre nya frim\u00e4rken p\u00e5 kungaparet f\u00f6r att uppm\u00e4rksamma jubileet. Kungen pryder inrikesfrim\u00e4rket och Drottningen det f\u00f6r utrikesbrev.  Det \u00e4r f\u00f6rsta g\u00e5ngen p\u00e5 tio \u00e5r som vi f\u00e5r nya frim\u00e4rken p\u00e5 kungen. <\/p>\n<p class=\"hyperion-css-1v9qo5x\">Det allra f\u00f6rsta svenska frim\u00e4rket p\u00e5 en kung var p\u00e5 kung Oskar II 1885. <\/p>\n<p>expand-left<\/p>\n<p>helsk\u00e4rm<img decoding=\"async\" class=\"image-asset hyperion-css-h57286\" data-test-tag=\"image-asset\" src=\"https:\/\/www.europesays.com\/se\/wp-content\/uploads\/2026\/01\/93aa99ff-3e19-41a5-aabc-68ed7fea09b3.jpeg\"  alt=\"Drottning Silvia i gr\u00f6n galakl\u00e4nning och det brasilianska diademet. Det bar hon \u00e4ven p\u00e5 sin allra f\u00f6rsta officiella bild som drottning 1976. \"  loading=\"eager\" fetchpriority=\"high\" style=\"aspect-ratio:1200 \/ 1799\"\/>Drottning Silvia i gr\u00f6n galakl\u00e4nning och det brasilianska diademet. Det bar hon \u00e4ven p\u00e5 sin allra f\u00f6rsta officiella bild som drottning 1976. Foto: Elisabeth Toll\/Kungl. Hovstaterna<img decoding=\"async\" src=\"https:\/\/www.europesays.com\/se\/wp-content\/uploads\/2025\/09\/4221b9c07f054710beb6b6ea43a3f265.jpg\" class=\"thumbnail-image_fbfd\" alt=\"Fr\u00e5geavsnitt 27\"\/><\/p>\n","protected":false},"excerpt":{"rendered":"S\u00e5 ska kungaparet firas 2026share-arrowDela unsaveSpara expand-left helsk\u00e4rmNy bild p\u00e5 kungaparet f\u00f6r att uppm\u00e4rksamma jubileums\u00e5ret 2026. Foto: Elisabeth&hellip;\n","protected":false},"author":2,"featured_media":129979,"comment_status":"","ping_status":"","sticky":false,"template":"","format":"standard","meta":{"footnotes":""},"categories":[5],"tags":[22,23,26,27,17,21,24,25,28,29,15,16,18,34,31,33,32,30,19,20],"class_list":{"0":"post-129978","1":"post","2":"type-post","3":"status-publish","4":"format-standard","5":"has-post-thumbnail","7":"category-rubriker","8":"tag-breaking-news","9":"tag-breakingnews","10":"tag-featured-news","11":"tag-featurednews","12":"tag-headlines","13":"tag-huvudnyheter","14":"tag-latest-news","15":"tag-latestnews","16":"tag-main-news","17":"tag-mainnews","18":"tag-news","19":"tag-nyheter","20":"tag-rubriker","21":"tag-se","22":"tag-svenska","23":"tag-sverige","24":"tag-sweden","25":"tag-swedish","26":"tag-top-stories","27":"tag-topstories"},"share_on_mastodon":{"url":"https:\/\/pubeurope.com\/@se\/115861358064723319","error":""},"_links":{"self":[{"href":"https:\/\/www.europesays.com\/se\/wp-json\/wp\/v2\/posts\/129978","targetHints":{"allow":["GET"]}}],"collection":[{"href":"https:\/\/www.europesays.com\/se\/wp-json\/wp\/v2\/posts"}],"about":[{"href":"https:\/\/www.europesays.com\/se\/wp-json\/wp\/v2\/types\/post"}],"author":[{"embeddable":true,"href":"https:\/\/www.europesays.com\/se\/wp-json\/wp\/v2\/users\/2"}],"replies":[{"embeddable":true,"href":"https:\/\/www.europesays.com\/se\/wp-json\/wp\/v2\/comments?post=129978"}],"version-history":[{"count":0,"href":"https:\/\/www.europesays.com\/se\/wp-json\/wp\/v2\/posts\/129978\/revisions"}],"wp:featuredmedia":[{"embeddable":true,"href":"https:\/\/www.europesays.com\/se\/wp-json\/wp\/v2\/media\/129979"}],"wp:attachment":[{"href":"https:\/\/www.europesays.com\/se\/wp-json\/wp\/v2\/media?parent=129978"}],"wp:term":[{"taxonomy":"category","embeddable":true,"href":"https:\/\/www.europesays.com\/se\/wp-json\/wp\/v2\/categories?post=129978"},{"taxonomy":"post_tag","embeddable":true,"href":"https:\/\/www.europesays.com\/se\/wp-json\/wp\/v2\/tags?post=129978"}],"curies":[{"name":"wp","href":"https:\/\/api.w.org\/{rel}","templated":true}]}}