{"id":129982,"date":"2026-01-08T20:33:31","date_gmt":"2026-01-08T20:33:31","guid":{"rendered":"https:\/\/www.europesays.com\/se\/129982\/"},"modified":"2026-01-08T20:33:31","modified_gmt":"2026-01-08T20:33:31","slug":"snostorm-och-rod-varning-de-gor-jobbet-mitt-i-kaoset-arbetet","status":"publish","type":"post","link":"https:\/\/www.europesays.com\/se\/129982\/","title":{"rendered":"Sn\u00f6storm och r\u00f6d varning \u2013 de g\u00f6r jobbet mitt i kaoset \u2013 Arbetet"},"content":{"rendered":"<p>\u00c5ngermanland f\u00f6rbereder sig f\u00f6r kraftigt sn\u00f6fall och mycket besv\u00e4rligt v\u00e4der. SMHI har utf\u00e4rdat en\u202fr\u00f6d varning, den allvarligaste niv\u00e5n.<\/p>\n<p>\u201dGe dig inte ut i trafiken. Risken att bli stillast\u00e5ende \u00e4r mycket h\u00f6g\u201d, skriver SMHI i sitt meddelande.<\/p>\n<p>Varningen g\u00e4ller fr\u00e5n\u202fklockan 15 p\u00e5 torsdagen till klockan 09 p\u00e5 fredagen, och omfattar kommunerna\u202fH\u00e4rn\u00f6sand, Kramfors och \u00d6rnsk\u00f6ldsvik.<\/p>\n<p>Busstrafik stoppas<\/p>\n<p>Hos det kommunala trafikbolaget Din tur \u00e4r l\u00e4get anstr\u00e4ngt.<\/p>\n<p>\u2013 M\u00e5nga f\u00f6rare \u00e4r insn\u00f6ade och kan inte ta sig till jobbet. De som redan \u00e4r ute f\u00f6rs\u00f6ker ta sig hem \u2013 men en del kanske f\u00e5r stanna kvar. Det \u00e4r ingen l\u00e4tt situation, s\u00e4ger Stefan V\u00e4lijeesi\u00f6, trafikchef p\u00e5 Din tur.<\/p>\n<p>Sedan tidigare har alla stadsbussar i Sundsvall st\u00e4llts in. I \u00c5ngermanland st\u00e4lls all trafik in efter klockan 12.<\/p>\n<p>\u2013 Det \u00e4r d\u00e5lig framkomlighet, det bl\u00e5ser och sn\u00f6ar kraftigt, s\u00e5 \u00e4ven om man r\u00f6jer kommer sn\u00f6n tillbaka, s\u00e4ger Stefan V\u00e4lijeesi\u00f6.<\/p>\n<p>Under morgonen har en buss i Sundsvall k\u00f6rt fast, men inga st\u00f6rre incidenter har rapporterats. Det v\u00e4rsta sn\u00f6fallet v\u00e4ntas komma till kv\u00e4llen.<\/p>\n<p>\u2013 Vi har f\u00f6rst\u00e4rkt upp p\u00e5 kundtj\u00e4nst eftersom vi r\u00e4knar med h\u00f6g belastning. Det \u00e4r obehagligt, jag har aldrig varit med om n\u00e5got liknande, Stefan V\u00e4lijeesi\u00f6.<\/p>\n<p>Flera verksamheter p\u00e5verkas<\/p>\n<p>Sn\u00f6ov\u00e4dret p\u00e5verkar inte bara kollektivtrafiken. I \u202fKramfors\u202fhar skolor och f\u00f6rskolor meddelat att de st\u00e4nger tidigare under torsdagen, d\u00e5 de inst\u00e4llda bussarna g\u00f6r det sv\u00e5rt f\u00f6r elever och personal att ta sig hem.<\/p>\n<p>\u00c4ven v\u00e5rden pressas av v\u00e4dret.\u202fSjukhuset i Sundsvall\u202fhar g\u00e5tt upp i stabsl\u00e4ge, rapporterar Tidningen \u00c5ngermanland. Man har bland annat tagit in extra resurser f\u00f6r ambulanser.<\/p>\n<p>Ambulanspersonalen har kontinuerlig kontakt med SOS om l\u00e4get och framkomligheten p\u00e5 v\u00e4garna, ber\u00e4ttar ambulanssjukv\u00e5rdaren Linus Vestberg f\u00f6r Arbetet.<\/p>\n<p>\u2013 Det b\u00f6rjar bli v\u00e4rre med sn\u00f6n nu. Vi ser till att ha fulltankade bilar mellan larmen, och lite n\u00f6dproviant om vi blir stillast\u00e5ende, s\u00e4ger han. <\/p>\n<p>Hemtj\u00e4nsten prioriterar det livsn\u00f6dv\u00e4ndiga<\/p>\n<p>Ocks\u00e5 hemtj\u00e4nstpersonalen har det tufft i ov\u00e4dret. Undersk\u00f6terskan Mariana \u00d6berg gick p\u00e5 sitt pass i Kramfors klockan 7 i morse. D\u00e4r b\u00e5de bl\u00e5ser och sn\u00f6ar det rej\u00e4lt \u2013 snabbare \u00e4n vad kommunen hinner ploga undan, ber\u00e4ttar hon.<\/p>\n<p>\t\t\t\t\t<img alt=\"En person med rosa v\u00e5rdkl\u00e4der sitter framf\u00f6r en beige v\u00e4gg och tittar mot kameran med neutral min.\" class=\"MediaWrapper-content BodyImage-imageObject\" src=\"https:\/\/www.europesays.com\/se\/wp-content\/uploads\/2026\/01\/mariana.jpg\" data-lazy-load-target=\"content\" width=\"400\" height=\"500\" loading=\"lazy\" decoding=\"async\" fetchpriority=\"auto\"\/><\/p>\n<p>\n\t\t\t\t\t\u201dVi g\u00f6r s\u00e5 gott vi kan och andas ut n\u00e4r vi hinner\u201d, s\u00e4ger undersk\u00f6terskan Mariana \u00d6berg i Kramfors.<br \/>\n\t\t\t\t\t\t\tFoto: Privat\n\t\t\t\t\t\t\t\t\t<\/p>\n<p>\u2013\u00a0Det spelar ingen roll om man har fyrhjulsdrift eller hur kunnig du \u00e4r p\u00e5 att k\u00f6ra bil, det \u00e4r k\u00f6rigt \u00e4nd\u00e5, s\u00e4ger hon.<\/p>\n<p>Under f\u00f6rmiddagen har hon f\u00e5tt ringa traktor f\u00f6r att f\u00e5 hj\u00e4lp att komma fram l\u00e4ngst v\u00e4garna och har sj\u00e4lv evakuerat en brukare som bor otillg\u00e4ngligt till ett boende.<\/p>\n<p>Redan ig\u00e5r kallade hennes chef in extra f\u00f6rst\u00e4rkning och hemtj\u00e4nstgruppen har f\u00e5tt hj\u00e4lp med att prioritera mellan brukare och bes\u00f6k. Det som inte \u00e4r livsn\u00f6dv\u00e4ndigt eller livsuppeh\u00e5llande f\u00e5r v\u00e4nta, ber\u00e4ttar Mariana \u00d6berg.\u00a0<\/p>\n<p>\u2013\u00a0Vi g\u00f6r s\u00e5 gott vi kan och andas ut n\u00e4r vi hinner, s\u00e4ger undersk\u00f6terskan.<\/p>\n","protected":false},"excerpt":{"rendered":"\u00c5ngermanland f\u00f6rbereder sig f\u00f6r kraftigt sn\u00f6fall och mycket besv\u00e4rligt v\u00e4der. SMHI har utf\u00e4rdat en\u202fr\u00f6d varning, den allvarligaste niv\u00e5n.&hellip;\n","protected":false},"author":2,"featured_media":129983,"comment_status":"","ping_status":"","sticky":false,"template":"","format":"standard","meta":{"footnotes":""},"categories":[5],"tags":[22,23,26,27,17,21,24,25,28,29,15,16,18,34,31,33,32,30,19,20],"class_list":{"0":"post-129982","1":"post","2":"type-post","3":"status-publish","4":"format-standard","5":"has-post-thumbnail","7":"category-rubriker","8":"tag-breaking-news","9":"tag-breakingnews","10":"tag-featured-news","11":"tag-featurednews","12":"tag-headlines","13":"tag-huvudnyheter","14":"tag-latest-news","15":"tag-latestnews","16":"tag-main-news","17":"tag-mainnews","18":"tag-news","19":"tag-nyheter","20":"tag-rubriker","21":"tag-se","22":"tag-svenska","23":"tag-sverige","24":"tag-sweden","25":"tag-swedish","26":"tag-top-stories","27":"tag-topstories"},"share_on_mastodon":{"url":"https:\/\/pubeurope.com\/@se\/115861389533566475","error":""},"_links":{"self":[{"href":"https:\/\/www.europesays.com\/se\/wp-json\/wp\/v2\/posts\/129982","targetHints":{"allow":["GET"]}}],"collection":[{"href":"https:\/\/www.europesays.com\/se\/wp-json\/wp\/v2\/posts"}],"about":[{"href":"https:\/\/www.europesays.com\/se\/wp-json\/wp\/v2\/types\/post"}],"author":[{"embeddable":true,"href":"https:\/\/www.europesays.com\/se\/wp-json\/wp\/v2\/users\/2"}],"replies":[{"embeddable":true,"href":"https:\/\/www.europesays.com\/se\/wp-json\/wp\/v2\/comments?post=129982"}],"version-history":[{"count":0,"href":"https:\/\/www.europesays.com\/se\/wp-json\/wp\/v2\/posts\/129982\/revisions"}],"wp:featuredmedia":[{"embeddable":true,"href":"https:\/\/www.europesays.com\/se\/wp-json\/wp\/v2\/media\/129983"}],"wp:attachment":[{"href":"https:\/\/www.europesays.com\/se\/wp-json\/wp\/v2\/media?parent=129982"}],"wp:term":[{"taxonomy":"category","embeddable":true,"href":"https:\/\/www.europesays.com\/se\/wp-json\/wp\/v2\/categories?post=129982"},{"taxonomy":"post_tag","embeddable":true,"href":"https:\/\/www.europesays.com\/se\/wp-json\/wp\/v2\/tags?post=129982"}],"curies":[{"name":"wp","href":"https:\/\/api.w.org\/{rel}","templated":true}]}}