{"id":129986,"date":"2026-01-08T20:41:17","date_gmt":"2026-01-08T20:41:17","guid":{"rendered":"https:\/\/www.europesays.com\/se\/129986\/"},"modified":"2026-01-08T20:41:17","modified_gmt":"2026-01-08T20:41:17","slug":"trump-usa-lamnar-klimatkonventionen-syre","status":"publish","type":"post","link":"https:\/\/www.europesays.com\/se\/129986\/","title":{"rendered":"Trump: USA l\u00e4mnar Klimatkonventionen &#8211; Syre"},"content":{"rendered":"<p>            <a href=\"https:\/\/tidningensyre.se\/sektion\/radar\/\" class=\"article__breadcrumb-link article__breadcrumb-link--magenta\" rel=\"nofollow noopener\" target=\"_blank\">Radar<\/a><br \/>\n             \u00b7 Milj\u00f6\ufeff<\/p>\n<p>\n            Publicerad 11 timmar sedan\n        <\/p>\n<p>\n                    Donald Trump meddelar att USA l\u00e4mnar en rad organisationer, konventioner och avtal \u2013 d\u00e4ribland Klimatkonventionen. Foto: TT\/Evan Vucci\n            <\/p>\n<p class=\"article__sublead\">USA ska l\u00e4mna Klimatkonventionen (UNFCCC) och FN:s klimatpanel (IPCC), meddelar Vita huset i ett pressmeddelande.<br \/>\u2013\u00a0Det s\u00e4nder en stark signal till omv\u00e4rlden om USA:s f\u00f6rakt f\u00f6r klimatpolitiken, som \u00e4r avg\u00f6rande f\u00f6r hela v\u00e4rlden, s\u00e4ger forskaren Jean Galbraith till New York Times.<\/p>\n<p class=\"article__paragraph\">Det var under onsdagkv\u00e4llen som Vita huset skickade ut ett <a href=\"https:\/\/www.whitehouse.gov\/presidential-actions\/2026\/01\/withdrawing-the-united-states-from-international-organizations-conventions-and-treaties-that-are-contrary-to-the-interests-of-the-united-states\/\" data-type=\"link\" data-id=\"https:\/\/www.whitehouse.gov\/presidential-actions\/2026\/01\/withdrawing-the-united-states-from-international-organizations-conventions-and-treaties-that-are-contrary-to-the-interests-of-the-united-states\/\" target=\"_blank\" rel=\"noopener nofollow\">pressmeddelande<\/a> om att Donald Trump ger myndigheter och departement i uppdrag att l\u00e4mna 66 organisationer, konventioner och avtal som uppges \u201dg\u00e5 emot USA:s intressen\u201d. Bland de finns FN:s Klimatkonvention (UNFCCC) och FN:s klimatpanel (IPCC). Det g\u00f6r att landet kommer att st\u00e5 ensamt utanf\u00f6r konventionen som kom till 1992 f\u00f6r att begr\u00e4nsa farliga klimatf\u00f6r\u00e4ndringar.<\/p>\n<p>M\u00f6ter kritik<\/p>\n<p class=\"article__paragraph\">\u2013\u00a0Detta \u00e4r ett kortsiktigt, pinsamt och dumt beslut, s\u00e4ger Gina McCarthy, klimatr\u00e5dgivare i Vita huset under Biden-administrationen till New York Times (NYT).<\/p>\n<p class=\"article__paragraph\">Hon s\u00e4ger vidare att Trump-administrationen kastar bort \u00e5rtionden av globalt samarbete.<\/p>\n<p class=\"article__paragraph\">\u2013 Denna administration f\u00f6rspiller v\u00e5rt lands m\u00f6jlighet att p\u00e5verka investeringar, politik och beslut v\u00e4rda biljoner dollar som skulle ha fr\u00e4mjat v\u00e5r ekonomi och skyddat oss fr\u00e5n kostsamma katastrofer som orsakar f\u00f6r\u00f6delse i v\u00e5rt land.<\/p>\n<p>Rubio f\u00f6rsvarar beslutet<\/p>\n<p class=\"article__paragraph\">Beslutet att dra sig ur FN:s klimatpanel kritiseras ocks\u00e5 av Robert E. Kopp, klimatforskare vid Rutger University, som arbetat som huvudf\u00f6rfattare till flera av FN:s klimatrapporter. Till NYT s\u00e4ger han att det skickar ett budskap om att \u201dUSA inte \u00e4r intresserat av att ha en evidensbaserad politik\u201d.<\/p>\n<p class=\"article__paragraph\">Men besluten motiveras i ett uttalande av USA:s utrikesminister Marco Rubio med att avtalen har f\u00f6r\u00e4ndrats fr\u00e5n att syfta till fred och samarbete till en \u201dvidstr\u00e4ckt arkitektur f\u00f6r global styrning, som ofta domineras av progressiv ideologi och \u00e4r frikopplad fr\u00e5n nationella intressen\u201d.<\/p>\n<p>Oklart om det \u00e4r m\u00f6jligt<\/p>\n<p class=\"article__paragraph\">Men alla \u00e4r inte \u00f6verens om att USA kan dra sig ur Klimatkonventionen utan en omr\u00f6stning i senaten. Jean Galbraith, professor specialiserad p\u00e5 internationell r\u00e4tt vid University of Pennsylvania Carey Law School, s\u00e4ger till NYT att beslutet fr\u00e5n 1992, d\u00e5 tv\u00e5 tredjedelar i staten ratificerades intr\u00e4det till UNFCCC, fortfarande g\u00e4ller och blir inte upph\u00e4vt av ett presidentbeslut.<\/p>\n<p class=\"article__paragraph\">USA har tidigare beg\u00e4rt uttr\u00e4de ur Parisavtalet som \u00e4r ett avtal inom Klimatkonventionen. <\/p>\n","protected":false},"excerpt":{"rendered":"Radar \u00b7 Milj\u00f6\ufeff Publicerad 11 timmar sedan Donald Trump meddelar att USA l\u00e4mnar en rad organisationer, konventioner och&hellip;\n","protected":false},"author":2,"featured_media":129987,"comment_status":"","ping_status":"","sticky":false,"template":"","format":"standard","meta":{"footnotes":""},"categories":[5],"tags":[22,23,26,27,17,21,24,25,28,29,15,16,18,34,31,33,32,30,19,20],"class_list":{"0":"post-129986","1":"post","2":"type-post","3":"status-publish","4":"format-standard","5":"has-post-thumbnail","7":"category-rubriker","8":"tag-breaking-news","9":"tag-breakingnews","10":"tag-featured-news","11":"tag-featurednews","12":"tag-headlines","13":"tag-huvudnyheter","14":"tag-latest-news","15":"tag-latestnews","16":"tag-main-news","17":"tag-mainnews","18":"tag-news","19":"tag-nyheter","20":"tag-rubriker","21":"tag-se","22":"tag-svenska","23":"tag-sverige","24":"tag-sweden","25":"tag-swedish","26":"tag-top-stories","27":"tag-topstories"},"share_on_mastodon":{"url":"https:\/\/pubeurope.com\/@se\/115861420909383611","error":""},"_links":{"self":[{"href":"https:\/\/www.europesays.com\/se\/wp-json\/wp\/v2\/posts\/129986","targetHints":{"allow":["GET"]}}],"collection":[{"href":"https:\/\/www.europesays.com\/se\/wp-json\/wp\/v2\/posts"}],"about":[{"href":"https:\/\/www.europesays.com\/se\/wp-json\/wp\/v2\/types\/post"}],"author":[{"embeddable":true,"href":"https:\/\/www.europesays.com\/se\/wp-json\/wp\/v2\/users\/2"}],"replies":[{"embeddable":true,"href":"https:\/\/www.europesays.com\/se\/wp-json\/wp\/v2\/comments?post=129986"}],"version-history":[{"count":0,"href":"https:\/\/www.europesays.com\/se\/wp-json\/wp\/v2\/posts\/129986\/revisions"}],"wp:featuredmedia":[{"embeddable":true,"href":"https:\/\/www.europesays.com\/se\/wp-json\/wp\/v2\/media\/129987"}],"wp:attachment":[{"href":"https:\/\/www.europesays.com\/se\/wp-json\/wp\/v2\/media?parent=129986"}],"wp:term":[{"taxonomy":"category","embeddable":true,"href":"https:\/\/www.europesays.com\/se\/wp-json\/wp\/v2\/categories?post=129986"},{"taxonomy":"post_tag","embeddable":true,"href":"https:\/\/www.europesays.com\/se\/wp-json\/wp\/v2\/tags?post=129986"}],"curies":[{"name":"wp","href":"https:\/\/api.w.org\/{rel}","templated":true}]}}