{"id":129993,"date":"2026-01-08T20:49:08","date_gmt":"2026-01-08T20:49:08","guid":{"rendered":"https:\/\/www.europesays.com\/se\/129993\/"},"modified":"2026-01-08T20:49:08","modified_gmt":"2026-01-08T20:49:08","slug":"ishockey-farjestads-dystra-trend-fortsatter-fjarde-raka-forlusten","status":"publish","type":"post","link":"https:\/\/www.europesays.com\/se\/129993\/","title":{"rendered":"Ishockey: F\u00e4rjestads dystra trend forts\u00e4tter \u2013 fj\u00e4rde raka f\u00f6rlusten"},"content":{"rendered":"<p>Men det blev dramatik i Sm\u00e5land d\u00e4r F\u00e4rjestad var p\u00e5 bes\u00f6k. Hemmalagets Manuel \u00c5gren tog m\u00f6tet till f\u00f6rl\u00e4ngning med sitt 3-3-m\u00e5l i den tredje perioden.<\/p>\n<p>V\u00e4l d\u00e4r h\u00f6ll sig Karl Henriksson framme och skickade in sitt andra m\u00e5l f\u00f6r kv\u00e4llen, och det avg\u00f6rande m\u00e5let. <\/p>\n<p>\u2013 Det \u00e4r superd\u00e5ligt agerat av killarna p\u00e5 isen, svagt, s\u00e4ger F\u00e4rjestads tr\u00e4nare J\u00f6rgen J\u00f6nsson i TV4 Play.<\/p>\n<p>Karlstadlaget f\u00e5r fortsatt v\u00e4nta p\u00e5 att bryta den negativa trenden.<\/p>\n<p>\u2013 Vi g\u00f6r m\u00e5nga bra saker p\u00e5 isen men vi g\u00f6r ocks\u00e5 m\u00e5nga riktigt d\u00e5liga beslut. Bra lag straffar det.<\/p>\n<p>Sv\u00e4ngig match i Karlstad<\/p>\n<p>Det var ocks\u00e5 g\u00e4sterna som tog ledningen, genom Eemeli Suomi. <\/p>\n<p>Innan F\u00e4rjestad v\u00e4nde p\u00e5 steken och hade ledningen b\u00e5de en och tv\u00e5 g\u00e5nger i den andra perioden. <\/p>\n<p>Men V\u00e4xj\u00f6 drog det l\u00e4ngsta str\u00e5et.<\/p>\n","protected":false},"excerpt":{"rendered":"Men det blev dramatik i Sm\u00e5land d\u00e4r F\u00e4rjestad var p\u00e5 bes\u00f6k. Hemmalagets Manuel \u00c5gren tog m\u00f6tet till f\u00f6rl\u00e4ngning&hellip;\n","protected":false},"author":2,"featured_media":129994,"comment_status":"","ping_status":"","sticky":false,"template":"","format":"standard","meta":{"footnotes":""},"categories":[5],"tags":[22,23,26,27,17,21,24,25,28,29,15,16,18,34,31,33,32,30,19,20],"class_list":{"0":"post-129993","1":"post","2":"type-post","3":"status-publish","4":"format-standard","5":"has-post-thumbnail","7":"category-rubriker","8":"tag-breaking-news","9":"tag-breakingnews","10":"tag-featured-news","11":"tag-featurednews","12":"tag-headlines","13":"tag-huvudnyheter","14":"tag-latest-news","15":"tag-latestnews","16":"tag-main-news","17":"tag-mainnews","18":"tag-news","19":"tag-nyheter","20":"tag-rubriker","21":"tag-se","22":"tag-svenska","23":"tag-sverige","24":"tag-sweden","25":"tag-swedish","26":"tag-top-stories","27":"tag-topstories"},"share_on_mastodon":{"url":"https:\/\/pubeurope.com\/@se\/115861452398632623","error":""},"_links":{"self":[{"href":"https:\/\/www.europesays.com\/se\/wp-json\/wp\/v2\/posts\/129993","targetHints":{"allow":["GET"]}}],"collection":[{"href":"https:\/\/www.europesays.com\/se\/wp-json\/wp\/v2\/posts"}],"about":[{"href":"https:\/\/www.europesays.com\/se\/wp-json\/wp\/v2\/types\/post"}],"author":[{"embeddable":true,"href":"https:\/\/www.europesays.com\/se\/wp-json\/wp\/v2\/users\/2"}],"replies":[{"embeddable":true,"href":"https:\/\/www.europesays.com\/se\/wp-json\/wp\/v2\/comments?post=129993"}],"version-history":[{"count":0,"href":"https:\/\/www.europesays.com\/se\/wp-json\/wp\/v2\/posts\/129993\/revisions"}],"wp:featuredmedia":[{"embeddable":true,"href":"https:\/\/www.europesays.com\/se\/wp-json\/wp\/v2\/media\/129994"}],"wp:attachment":[{"href":"https:\/\/www.europesays.com\/se\/wp-json\/wp\/v2\/media?parent=129993"}],"wp:term":[{"taxonomy":"category","embeddable":true,"href":"https:\/\/www.europesays.com\/se\/wp-json\/wp\/v2\/categories?post=129993"},{"taxonomy":"post_tag","embeddable":true,"href":"https:\/\/www.europesays.com\/se\/wp-json\/wp\/v2\/tags?post=129993"}],"curies":[{"name":"wp","href":"https:\/\/api.w.org\/{rel}","templated":true}]}}