{"id":130006,"date":"2026-01-08T21:02:19","date_gmt":"2026-01-08T21:02:19","guid":{"rendered":"https:\/\/www.europesays.com\/se\/130006\/"},"modified":"2026-01-08T21:02:19","modified_gmt":"2026-01-08T21:02:19","slug":"2-700-anstallda-far-sparken-jatten-lagger-ner-megalagret","status":"publish","type":"post","link":"https:\/\/www.europesays.com\/se\/130006\/","title":{"rendered":"2 700 anst\u00e4llda f\u00e5r sparken &#8211; j\u00e4tten l\u00e4gger ner megalagret"},"content":{"rendered":"<p>Anl\u00e4ggningen i Erfurt ska st\u00e4ngas helt till slutet av september 2026. Idag arbetar cirka 2 700 personer vid det aktuella lagret, vilket ska motsvara runt en sj\u00e4ttedel av alla anst\u00e4llda inom koncernen.<\/p>\n<p>Ut\u00f6ver nedst\u00e4ngningen i Erfurt kommer Zalando \u00e4ven att avsluta samarbeten med tre externa lager som ligger utanf\u00f6r Tyskland.<\/p>\n<blockquote>\n<p>Vi anpassar v\u00e5r struktur f\u00f6r att forts\u00e4tta erbjuda tj\u00e4nster till rimliga priser f\u00f6r b\u00e5de kunder och partners. Detta \u00f6kar v\u00e4rdet vi skapar f\u00f6r dem och hj\u00e4lper Zalando att v\u00e4xa under de kommande \u00e5ren, s\u00e4ger bolaget i en kommentar.<\/p>\n<\/blockquote>\n<p>Bakgrunden till beslutet \u00e4r en analys av hur logistikn\u00e4tverket fungerar i hela Europa. F\u00f6retaget har granskat hur kapaciteten b\u00e4st kan anv\u00e4ndas i det gemensamma n\u00e4tverk som nu omfattar b\u00e5de Zalando och <a href=\"https:\/\/www.ehandel.se\/zalando-slutfor-miljardaffar-skapar-ny-e-handelsjatte\" rel=\"nofollow noopener\" target=\"_blank\">den nyf\u00f6rv\u00e4rvade modesajten About You<\/a>. M\u00e5let \u00e4r att skapa en struktur som kan hantera efterfr\u00e5gan p\u00e5 ett mer flexibelt s\u00e4tt.<\/p>\n<blockquote>\n<p>Under de senaste m\u00e5naderna har vi genomf\u00f6rt en \u00f6versyn av v\u00e5rt europeiska logistikn\u00e4tverk och tagit fram en plan f\u00f6r att anpassa kapaciteten i det gemensamma logistikn\u00e4tverket f\u00f6r Zalando och About You i linje med efterfr\u00e5gan och f\u00f6r att framtidss\u00e4kra v\u00e5r struktur.<\/p>\n<\/blockquote>\n<p>F\u00f6retaget har meddelat att samtal med facket har inletts f\u00f6r att hantera situationen f\u00f6r personalen.<\/p>\n<blockquote>\n<p>Vi prioriterar en r\u00e4ttvis och respektfull process. Som arbetsgivare i Erfurt vill vi f\u00f6ra en \u00f6ppen dialog med v\u00e5ra anst\u00e4llda, deras representanter och alla v\u00e5ra partners.<\/p>\n<\/blockquote>\n<p>N\u00e4r \u00e4ndringarna \u00e4r klara ska logistikn\u00e4tverket best\u00e5 av 14 logistikanl\u00e4ggningar i 7 l\u00e4nder.<\/p>\n","protected":false},"excerpt":{"rendered":"Anl\u00e4ggningen i Erfurt ska st\u00e4ngas helt till slutet av september 2026. Idag arbetar cirka 2 700 personer vid&hellip;\n","protected":false},"author":2,"featured_media":130007,"comment_status":"","ping_status":"","sticky":false,"template":"","format":"standard","meta":{"footnotes":""},"categories":[65],"tags":[72,70,71,2041,34,31,33,32,30,408,13356],"class_list":{"0":"post-130006","1":"post","2":"type-post","3":"status-publish","4":"format-standard","5":"has-post-thumbnail","7":"category-ekonomi","8":"tag-business","9":"tag-economy","10":"tag-ekonomi","11":"tag-lager","12":"tag-se","13":"tag-svenska","14":"tag-sverige","15":"tag-sweden","16":"tag-swedish","17":"tag-tyskland","18":"tag-zalando"},"share_on_mastodon":{"url":"https:\/\/pubeurope.com\/@se\/115861503493922777","error":""},"_links":{"self":[{"href":"https:\/\/www.europesays.com\/se\/wp-json\/wp\/v2\/posts\/130006","targetHints":{"allow":["GET"]}}],"collection":[{"href":"https:\/\/www.europesays.com\/se\/wp-json\/wp\/v2\/posts"}],"about":[{"href":"https:\/\/www.europesays.com\/se\/wp-json\/wp\/v2\/types\/post"}],"author":[{"embeddable":true,"href":"https:\/\/www.europesays.com\/se\/wp-json\/wp\/v2\/users\/2"}],"replies":[{"embeddable":true,"href":"https:\/\/www.europesays.com\/se\/wp-json\/wp\/v2\/comments?post=130006"}],"version-history":[{"count":0,"href":"https:\/\/www.europesays.com\/se\/wp-json\/wp\/v2\/posts\/130006\/revisions"}],"wp:featuredmedia":[{"embeddable":true,"href":"https:\/\/www.europesays.com\/se\/wp-json\/wp\/v2\/media\/130007"}],"wp:attachment":[{"href":"https:\/\/www.europesays.com\/se\/wp-json\/wp\/v2\/media?parent=130006"}],"wp:term":[{"taxonomy":"category","embeddable":true,"href":"https:\/\/www.europesays.com\/se\/wp-json\/wp\/v2\/categories?post=130006"},{"taxonomy":"post_tag","embeddable":true,"href":"https:\/\/www.europesays.com\/se\/wp-json\/wp\/v2\/tags?post=130006"}],"curies":[{"name":"wp","href":"https:\/\/api.w.org\/{rel}","templated":true}]}}