{"id":130008,"date":"2026-01-08T21:05:07","date_gmt":"2026-01-08T21:05:07","guid":{"rendered":"https:\/\/www.europesays.com\/se\/130008\/"},"modified":"2026-01-08T21:05:07","modified_gmt":"2026-01-08T21:05:07","slug":"ny-forlust-for-farjestad-kritiken-tycker-det-ar-svagt-nwt","status":"publish","type":"post","link":"https:\/\/www.europesays.com\/se\/130008\/","title":{"rendered":"Ny f\u00f6rlust f\u00f6r F\u00e4rjestad \u2013 kritiken: \u201dTycker det \u00e4r svagt\u201d &#8211; NWT"},"content":{"rendered":"<ol>\n<li><a href=\"https:\/\/news.google.com\/rss\/articles\/CBMilAFBVV95cUxPQVZKZGV5Y2pVRTM5bmMxekE2SjBDX1dGeHFnMzlXWnZCRDJvaDJjV0tvcl9meXlOQ0RxX3VCVzZSS25fMlJJRm42T2ZTQVpweXIxT1FoZVl4djY5SEdEN2xBV2pUbngwVU1KS0thOXNMUjJ3OHJKNTB3YzJ4ZGkyc1JYRXBSbjhLRWxJNnNCcjJJZ0d0?oc=5\" target=\"_blank\" rel=\"nofollow noopener\">Ny f\u00f6rlust f\u00f6r F\u00e4rjestad \u2013 kritiken: \u201dTycker det \u00e4r svagt\u201d<\/a>&nbsp;&nbsp;NWT<\/li>\n<li><a href=\"https:\/\/news.google.com\/rss\/articles\/CBMilwFBVV95cUxOYjF0MUxwWkVDTGxUTGJTUldTVFNWcVFtZXQ3SWhGdnBacGdJMm5rRVlKVUlvNTRGMUs4YkN4NVgwbGUyLVBPYlZ6bENlN05sNExfZkdNeDRWODlmdWRTYmtza3Fxd1hwNE9rczZ0S1VoVjU4SFRxRTY2a0p1RW5zTXR0ck5uSy1UWWpvNV9MU3FZQ0FCbHBF?oc=5\" target=\"_blank\" rel=\"nofollow noopener\">\u201dTr\u00f6tt p\u00e5 att f\u00f6rlora \u2013 riktigt d\u00e5liga beslut\u201d<\/a>&nbsp;&nbsp;Expressen<\/li>\n<li><a href=\"https:\/\/news.google.com\/rss\/articles\/CBMilAFBVV95cUxPcjZfS3l0ZGlzcGNaTERsNlBIWC1BRlZTWmlENGVIUXZkUVk2cm1qdGhKbTlVVnRWNW9uUEhGZHJReWZkR0trYzlqYmtrZ2lHWmxKY2J0b0FnZi1PSmpDcDdxV3pTalkwS1lJeDBkcmsxcGxfVkFycWRDc1dRQkJZQkVsQ19aNUlRQ2dJUEh0bUhMcmZG?oc=5\" target=\"_blank\" rel=\"nofollow noopener\">Ishockey: F\u00e4rjestads dystra trend forts\u00e4tter \u2013 fj\u00e4rde raka f\u00f6rlusten<\/a>&nbsp;&nbsp;SVT Nyheter<\/li>\n<li><a href=\"https:\/\/news.google.com\/rss\/articles\/CBMifEFVX3lxTE1PY3EyektXWHdLZXgxYS1xTXBSRmVMRllXYW5RWTVZdlp5ZlBWRGlQa0l4M2ZBUGp3aVNsTDZBLWV6YkpXS1N3NDc0ckNPVEVoUDh1RmZOcTRTWThLekREa05oNXQ5cW1jT3dTVnNHemN5ZXhpQm1ZVmoyc3M?oc=5\" target=\"_blank\" rel=\"nofollow noopener\">DIREKT: J\u00f6nsson tillbaka i V\u00e4xj\u00f6 \u2013 f\u00f6lj Lakers-F\u00e4rjestad<\/a>&nbsp;&nbsp;Sm\u00e5landsposten<\/li>\n<li><a href=\"https:\/\/news.google.com\/rss\/articles\/CBMisgFBVV95cUxNVk9MWlIwN051LXNHM3c5d2U5eV9TcDVCZ2ttUUZFWkZ5UHB4Z2k4NnRLV3ZaWFhHVEEwaXloaF9XOUVGWlVHSXQ1alF0UFFVQTZGeDZXbk0xZ0RXYjZRbjZUVjViWE12SHRpZG93R0F1eW52NzhmSEhkdTF0MzZlZG5rZXVSTXJVOHg5MDNZa1JIaDZ1VWxCTC1fTUdSZGJsdFZMSmFOczIwZmxad09nSkVR?oc=5\" target=\"_blank\" rel=\"nofollow noopener\">Fr\u00e5getecken inf\u00f6r viktiga bortamatchen \u2013 J\u00f6nssons budskap: \u201dBeh\u00f6ver vara b\u00e4ttre\u201d<\/a>&nbsp;&nbsp;NWT<\/li>\n<\/ol>\n","protected":false},"excerpt":{"rendered":"Ny f\u00f6rlust f\u00f6r F\u00e4rjestad \u2013 kritiken: \u201dTycker det \u00e4r svagt\u201d&nbsp;&nbsp;NWT \u201dTr\u00f6tt p\u00e5 att f\u00f6rlora \u2013 riktigt d\u00e5liga beslut\u201d&nbsp;&nbsp;Expressen&hellip;\n","protected":false},"author":2,"featured_media":130009,"comment_status":"","ping_status":"","sticky":false,"template":"","format":"standard","meta":{"footnotes":""},"categories":[5],"tags":[22,23,26,27,17,21,24,25,28,29,15,16,18,34,31,33,32,30,19,20],"class_list":{"0":"post-130008","1":"post","2":"type-post","3":"status-publish","4":"format-standard","5":"has-post-thumbnail","7":"category-rubriker","8":"tag-breaking-news","9":"tag-breakingnews","10":"tag-featured-news","11":"tag-featurednews","12":"tag-headlines","13":"tag-huvudnyheter","14":"tag-latest-news","15":"tag-latestnews","16":"tag-main-news","17":"tag-mainnews","18":"tag-news","19":"tag-nyheter","20":"tag-rubriker","21":"tag-se","22":"tag-svenska","23":"tag-sverige","24":"tag-sweden","25":"tag-swedish","26":"tag-top-stories","27":"tag-topstories"},"share_on_mastodon":{"url":"https:\/\/pubeurope.com\/@se\/115861515337426052","error":""},"_links":{"self":[{"href":"https:\/\/www.europesays.com\/se\/wp-json\/wp\/v2\/posts\/130008","targetHints":{"allow":["GET"]}}],"collection":[{"href":"https:\/\/www.europesays.com\/se\/wp-json\/wp\/v2\/posts"}],"about":[{"href":"https:\/\/www.europesays.com\/se\/wp-json\/wp\/v2\/types\/post"}],"author":[{"embeddable":true,"href":"https:\/\/www.europesays.com\/se\/wp-json\/wp\/v2\/users\/2"}],"replies":[{"embeddable":true,"href":"https:\/\/www.europesays.com\/se\/wp-json\/wp\/v2\/comments?post=130008"}],"version-history":[{"count":0,"href":"https:\/\/www.europesays.com\/se\/wp-json\/wp\/v2\/posts\/130008\/revisions"}],"wp:featuredmedia":[{"embeddable":true,"href":"https:\/\/www.europesays.com\/se\/wp-json\/wp\/v2\/media\/130009"}],"wp:attachment":[{"href":"https:\/\/www.europesays.com\/se\/wp-json\/wp\/v2\/media?parent=130008"}],"wp:term":[{"taxonomy":"category","embeddable":true,"href":"https:\/\/www.europesays.com\/se\/wp-json\/wp\/v2\/categories?post=130008"},{"taxonomy":"post_tag","embeddable":true,"href":"https:\/\/www.europesays.com\/se\/wp-json\/wp\/v2\/tags?post=130008"}],"curies":[{"name":"wp","href":"https:\/\/api.w.org\/{rel}","templated":true}]}}