{"id":130016,"date":"2026-01-08T21:10:31","date_gmt":"2026-01-08T21:10:31","guid":{"rendered":"https:\/\/www.europesays.com\/se\/130016\/"},"modified":"2026-01-08T21:10:31","modified_gmt":"2026-01-08T21:10:31","slug":"sankning-av-rot-avdraget-leder-till-nya-varsel","status":"publish","type":"post","link":"https:\/\/www.europesays.com\/se\/130016\/","title":{"rendered":"S\u00e4nkning av ROT-avdraget leder till nya varsel"},"content":{"rendered":"\n<p>&#13;<br \/>\n\t\t\t\tIdag, 8:e januari 2026, 14:32&#13;\n\t\t\t<\/p>\n<p><strong>Den tillf\u00e4lliga h\u00f6jningen b\u00e5de hyllade och s\u00e5gades. Klart \u00e4r i alla fall att det ledde till en renoveringsboom i v\u00e5rt avl\u00e5nga land och flera firmor valde att anst\u00e4lla ny personal. Men nu \u00e4r ROT-avdraget tillbaka p\u00e5 normal niv\u00e5 igen och flera bolag tvingas varsla.<\/strong><\/p>\n<p>Den tillf\u00e4lliga h\u00f6jningen av ROT-avdraget, fr\u00e5n 30 till 50 procent, \u00e4r ett minne blott. Sedan \u00e5rsskiftet \u00e4r det n\u00e4mligen tillbaka p\u00e5 normal niv\u00e5.<\/p>\n<p>Det f\u00e5r redan negativa f\u00f6ljdeffekter. Bland annat varslar flera f\u00f6retag personal i samband med s\u00e4nkningen.<\/p>\n<p>En av de akt\u00f6rer som lagt ett varsel \u00e4r Per S\u00f6derbergs byggfirma, rapporterar <a href=\"https:\/\/www.sverigesradio.se\/artikel\/sankning-av-rotavdrag-tvingar-byggbranschen-att-varsla\" data-wpel-link=\"external\" target=\"_self\" rel=\"nofollow noopener noreferrer\">Sveriges Radio<\/a>.<\/p>\n<p>\u2013 Det jag kan vara lite kritisk till och kan tycka \u00e4r tr\u00e5kigt \u00e4r att man lagt s\u00e4nkningen till \u00e5rsskiftet. Hade varit b\u00e4ttre att l\u00e4gga den i mars. F\u00f6r januari till mars \u00e4r alltid tunga m\u00e5nader f\u00f6r branschen, s\u00e4ger han till kanalen.<\/p>\n<p>Han p\u00e5pekar ocks\u00e5 att m\u00e5nga v\u00e4ntade sig en f\u00f6rl\u00e4ngning av det h\u00f6jda avdraget.<\/p>\n<p>\u2013 M\u00e5nga har under h\u00f6sten v\u00e4ntat p\u00e5 att det ska bli f\u00f6rl\u00e4ngt. M\u00e5nga har v\u00e4ntat och man vet inte. Det har varit v\u00e4ldigt olustigt. Det \u00e4r nog f\u00f6rsta g\u00e5ngen man legat lite s\u00f6mnl\u00f6s och inte vetat hur man ska f\u00e5 ihop det och planera \u00e4n, forts\u00e4tter Per S\u00f6derberg.<\/p>\n<p>Under torsdagsmorgonen publicerade \u00e4ven Velux en unders\u00f6kning, genomf\u00f6rd av Verian, som visar att renoveringsboomen nu riskerar att bromsa in helt.<\/p>\n<p>Samma boom som f\u00e5tt m\u00e5nga firmor att anst\u00e4lla mer personal under 2025.<\/p>\n<p>Totalt uppger 55 procent av svenska hus\u00e4gare att ett fortsatt h\u00f6gt ROT-avdrag skulle p\u00e5verka deras beslut att genomf\u00f6ra en renovering i hemmet.<\/p>\n<p>\u2013 Siffror fr\u00e5n Skatteverket visar att det h\u00f6jda rotavdraget har haft positiv effekt p\u00e5 b\u00e5de hush\u00e5llens renoveringsvilja och byggbranschens aktivitetsniv\u00e5. Trots det v\u00e4ljer regeringen att inte f\u00f6rl\u00e4nga reglerna efter \u00e5rsskiftet. Nu riskerar den renoveringsboom vi sett i Sverige att minska igen, n\u00e5got som \u00e4r negativt f\u00f6r s\u00e5v\u00e4l byggbranschen som hush\u00e5ll,\u00a0s\u00e4ger Lars Petersson, vd p\u00e5 Velux.<\/p>\n<p>De kr\u00e4vde f\u00f6rl\u00e4ngd ROT-h\u00f6jning<\/p>\n<p>Det h\u00f6jda ROT-avdraget hyllades under \u00e5ret av branschorganisationen Byggf\u00f6retagen. De gick ocks\u00e5 ut och <a href=\"https:\/\/branschaktuellt.se\/byggindustrin\/235960-renoveringar-rusar-efter-hojda-avdraget\/\" data-wpel-link=\"internal\" rel=\"nofollow noopener\" target=\"_blank\"><a href=\"https:\/\/branschaktuellt.se\/byggindustrin\/236164-farre-konkurser-men-fler-anstallda-drabbas\/\" data-wpel-link=\"internal\" rel=\"nofollow noopener\" target=\"_blank\">kr\u00e4vde en f\u00f6rl\u00e4ngning<\/a> \u00e4ven efter \u00e5rsskiftet.<\/p>\n<p>\u2013 Det g\u00f6r skillnad f\u00f6r branschen, inte minst f\u00f6r v\u00e5ra sm\u00e5 och medelstora f\u00f6retag, sa Catharina Elms\u00e4ter-Sv\u00e4rd, vd f\u00f6r Byggf\u00f6retagen.<\/p>\n<p>De s\u00e5gade h\u00f6jningen<\/p>\n<p>Den tillf\u00e4lliga h\u00f6jningen m\u00f6ttes dock inte enbart av positiva tong\u00e5ngar. Det fick \u00e4ven utst\u00e5 <a href=\"https:\/\/branschaktuellt.se\/byggindustrin\/240254-ville-skrota-rot-nu-blir-det-kvar\/\" data-wpel-link=\"internal\" rel=\"nofollow noopener\" target=\"_blank\">en hel del kritik<\/a>. Inte minst fr\u00e5n fackf\u00f6rbundet Byggnads. De p\u00e5pekade att avdraget inte \u00f6kade antalet byggstarter.<\/p>\n<p>Och faktum \u00e4r att ROT-avdraget kunde ha skrotats helt och h\u00e5llet. <\/p>\n<p>Regeringens produktivitetskommission <a href=\"https:\/\/branschaktuellt.se\/byggindustrin\/240139-vill-skrota-populara-byggavdraget-helt\/\" data-wpel-link=\"internal\" rel=\"nofollow noopener\" target=\"_blank\">lade n\u00e4mligen just ett s\u00e5dant f\u00f6rslag<\/a>. De anser att ROT-avdraget kostar mer \u00e4n det smakar. Men regeringen valde att g\u00e5 emot f\u00f6rslaget.<\/p>\n","protected":false},"excerpt":{"rendered":"&#13; Idag, 8:e januari 2026, 14:32&#13; Den tillf\u00e4lliga h\u00f6jningen b\u00e5de hyllade och s\u00e5gades. Klart \u00e4r i alla fall&hellip;\n","protected":false},"author":2,"featured_media":130017,"comment_status":"","ping_status":"","sticky":false,"template":"","format":"standard","meta":{"footnotes":""},"categories":[65],"tags":[72,2483,3061,70,71,3409,13357,34,31,33,32,30],"class_list":{"0":"post-130016","1":"post","2":"type-post","3":"status-publish","4":"format-standard","5":"has-post-thumbnail","7":"category-ekonomi","8":"tag-business","9":"tag-byggforetagen","10":"tag-byggnads","11":"tag-economy","12":"tag-ekonomi","13":"tag-regeringen","14":"tag-rot-avdrag","15":"tag-se","16":"tag-svenska","17":"tag-sverige","18":"tag-sweden","19":"tag-swedish"},"share_on_mastodon":{"url":"https:\/\/pubeurope.com\/@se\/115861534985720150","error":""},"_links":{"self":[{"href":"https:\/\/www.europesays.com\/se\/wp-json\/wp\/v2\/posts\/130016","targetHints":{"allow":["GET"]}}],"collection":[{"href":"https:\/\/www.europesays.com\/se\/wp-json\/wp\/v2\/posts"}],"about":[{"href":"https:\/\/www.europesays.com\/se\/wp-json\/wp\/v2\/types\/post"}],"author":[{"embeddable":true,"href":"https:\/\/www.europesays.com\/se\/wp-json\/wp\/v2\/users\/2"}],"replies":[{"embeddable":true,"href":"https:\/\/www.europesays.com\/se\/wp-json\/wp\/v2\/comments?post=130016"}],"version-history":[{"count":0,"href":"https:\/\/www.europesays.com\/se\/wp-json\/wp\/v2\/posts\/130016\/revisions"}],"wp:featuredmedia":[{"embeddable":true,"href":"https:\/\/www.europesays.com\/se\/wp-json\/wp\/v2\/media\/130017"}],"wp:attachment":[{"href":"https:\/\/www.europesays.com\/se\/wp-json\/wp\/v2\/media?parent=130016"}],"wp:term":[{"taxonomy":"category","embeddable":true,"href":"https:\/\/www.europesays.com\/se\/wp-json\/wp\/v2\/categories?post=130016"},{"taxonomy":"post_tag","embeddable":true,"href":"https:\/\/www.europesays.com\/se\/wp-json\/wp\/v2\/tags?post=130016"}],"curies":[{"name":"wp","href":"https:\/\/api.w.org\/{rel}","templated":true}]}}