{"id":130025,"date":"2026-01-08T21:21:06","date_gmt":"2026-01-08T21:21:06","guid":{"rendered":"https:\/\/www.europesays.com\/se\/130025\/"},"modified":"2026-01-08T21:21:06","modified_gmt":"2026-01-08T21:21:06","slug":"besvarligt-vader-vantas","status":"publish","type":"post","link":"https:\/\/www.europesays.com\/se\/130025\/","title":{"rendered":"Besv\u00e4rligt v\u00e4der v\u00e4ntas"},"content":{"rendered":"<p class=\"sc-c25743f0-0 sc-e37c0145-2 hObFds DQgPn\"><strong>Sn\u00f6n har orsakat strul p\u00e5 flera h\u00e5ll i landet. <br \/>T\u00e5gtrafik har st\u00e4llts in, skolor har st\u00e4ngts och en region har g\u00e5tt upp i f\u00f6rst\u00e4rkningsl\u00e4ge. <br \/>\u00c4nnu mer sn\u00f6 \u00e4r p\u00e5 ing\u00e5ng, varnar SMHI. <br \/>\u2013 Det \u00e4r besv\u00e4rligt v\u00e4der som v\u00e4ntar, s\u00e4ger TV4-meteorologen Ulrika Elvgren.<\/strong><\/p>\n<p class=\"sc-c25743f0-0 sc-e37c0145-2 hObFds DQgPn\">V\u00e4dret har varit besv\u00e4rligt med kraftiga sn\u00f6fall och h\u00e5rda vindar under de senaste dagarna. M\u00e5nga hush\u00e5ll \u00e4r fortfarande utan str\u00f6m efter stormen Johannes som drog in \u00f6ver delar av landet under julhelgen. <\/p>\n<p class=\"sc-c25743f0-0 sc-e37c0145-2 hObFds DQgPn\">Under onsdagen <a href=\"https:\/\/www.tv4.se\/artikel\/6rec0eZNTlIRcFzrctkwSE\/kockens-kaenga-fick-sova-oever-pa-jobbet-beredskapen-aer-smasunkig\" class=\"pcc\" target=\"_top\" rel=\"nofollow noopener\">anl\u00e4nde sn\u00f6ov\u00e4dret till G\u00f6teborg <\/a>och slog ut hela kollektivtrafiken.<\/p>\n<p class=\"sc-c25743f0-0 sc-e37c0145-2 hObFds DQgPn\">Nu v\u00e4ntas \u00e4nnu mer sn\u00f6 och kallare v\u00e4der \u00e4r p\u00e5 ing\u00e5ng.<\/p>\n<p class=\"sc-c25743f0-0 sc-e37c0145-2 hObFds DQgPn\">SMHI har utf\u00e4rdat en r\u00f6d varning f\u00f6r sn\u00f6fall i kombination med kraftiga vindar i V\u00e4sternorrland. Upp till 60 centimeter sn\u00f6 v\u00e4ntas. Varningen g\u00e4ller fr\u00e5n klockan 15.00 p\u00e5 torsdagen till 09.00 p\u00e5 fredagsmorgonen och ber\u00f6r bland annat H\u00e4rn\u00f6sand, Kramfors och \u00d6rnsk\u00f6ldsvik.<\/p>\n<p class=\"sc-c25743f0-0 sc-e37c0145-2 hObFds DQgPn\">\u00c4ven under l\u00f6rdagen finns gula varningar utf\u00e4rdade f\u00f6r starka vindar i s\u00f6dra och mellersta delarna av Sverige.<\/p>\n<p>Trafikproblem och str\u00f6mavbrott<\/p>\n<p class=\"sc-c25743f0-0 sc-e37c0145-2 hObFds DQgPn\">Vid 20-tiden p\u00e5 torsdagen var drygt 700 abonnenter utan str\u00f6m i V\u00e4sternorrland, varav omkring 500 i Kramfors kommun enligt Eon.<\/p>\n<p class=\"sc-c25743f0-0 sc-e37c0145-2 hObFds DQgPn\">Det finns risk f\u00f6r fler str\u00f6mavbrott n\u00e4r temperaturerna v\u00e4ntas sjunka till minus 20 grader. Sn\u00f6n har orsakat problem p\u00e5 flera h\u00e5ll i landet \u2013 t\u00e5gtrafik har st\u00e4llts in, skolor har st\u00e4ngts och en region har g\u00e5tt upp i f\u00f6rst\u00e4rkningsl\u00e4ge.<\/p>\n<p class=\"sc-c25743f0-0 sc-e37c0145-2 hObFds DQgPn\">\u2013 Str\u00e5k med intensiva sn\u00f6byar i kombination med h\u00e5rda vindbyar v\u00e4ntas ge mycket stora trafikproblem, skriver SMHI p\u00e5 sin hemsida och varnar f\u00f6r risk f\u00f6r kraftiga f\u00f6rseningar och inst\u00e4llda avg\u00e5ngar inom kollektivtrafiken, s\u00e4ger TV4-meteorologen Ulrika Elvgren.<\/p>\n<p>Ovanligt kraftigt sn\u00f6fall f\u00f6r \u00e5rstiden<\/p>\n<p class=\"sc-c25743f0-0 sc-e37c0145-2 hObFds DQgPn\">Trafikanter uppmanas att undvika v\u00e4garna i kustomr\u00e5dena kring H\u00e4rn\u00f6sand, Kramfors och \u00d6rnsk\u00f6ldsvik. <\/p>\n<p class=\"sc-c25743f0-0 sc-e37c0145-2 hObFds DQgPn\">Elvgren uppmanar inv\u00e5narna i de omr\u00e5den d\u00e4r varningar utf\u00e4rdats att lyssna p\u00e5 myndigheterna och h\u00e5lla sig uppdaterade via VMA.<\/p>\n<p class=\"sc-c25743f0-0 sc-e37c0145-2 hObFds DQgPn\">\u2013 Det \u00e4r v\u00e4ldigt ovanligt med s\u00e5 h\u00e4r mycket sn\u00f6 f\u00f6r \u00e5rstiden. Det \u00e4r inte ofta vi har r\u00f6da varningar. Det h\u00e4nger ihop med den varma h\u00f6sten. Det f\u00f6rst\u00e4rker str\u00e5k med sn\u00f6byar, s\u00e4ger Ulrika Elvgren.<\/p>\n","protected":false},"excerpt":{"rendered":"Sn\u00f6n har orsakat strul p\u00e5 flera h\u00e5ll i landet. T\u00e5gtrafik har st\u00e4llts in, skolor har st\u00e4ngts och en&hellip;\n","protected":false},"author":2,"featured_media":130026,"comment_status":"","ping_status":"","sticky":false,"template":"","format":"standard","meta":{"footnotes":""},"categories":[5],"tags":[22,23,26,27,17,21,24,25,28,29,15,16,18,34,31,33,32,30,19,20],"class_list":{"0":"post-130025","1":"post","2":"type-post","3":"status-publish","4":"format-standard","5":"has-post-thumbnail","7":"category-rubriker","8":"tag-breaking-news","9":"tag-breakingnews","10":"tag-featured-news","11":"tag-featurednews","12":"tag-headlines","13":"tag-huvudnyheter","14":"tag-latest-news","15":"tag-latestnews","16":"tag-main-news","17":"tag-mainnews","18":"tag-news","19":"tag-nyheter","20":"tag-rubriker","21":"tag-se","22":"tag-svenska","23":"tag-sverige","24":"tag-sweden","25":"tag-swedish","26":"tag-top-stories","27":"tag-topstories"},"share_on_mastodon":{"url":"https:\/\/pubeurope.com\/@se\/115861578232235977","error":""},"_links":{"self":[{"href":"https:\/\/www.europesays.com\/se\/wp-json\/wp\/v2\/posts\/130025","targetHints":{"allow":["GET"]}}],"collection":[{"href":"https:\/\/www.europesays.com\/se\/wp-json\/wp\/v2\/posts"}],"about":[{"href":"https:\/\/www.europesays.com\/se\/wp-json\/wp\/v2\/types\/post"}],"author":[{"embeddable":true,"href":"https:\/\/www.europesays.com\/se\/wp-json\/wp\/v2\/users\/2"}],"replies":[{"embeddable":true,"href":"https:\/\/www.europesays.com\/se\/wp-json\/wp\/v2\/comments?post=130025"}],"version-history":[{"count":0,"href":"https:\/\/www.europesays.com\/se\/wp-json\/wp\/v2\/posts\/130025\/revisions"}],"wp:featuredmedia":[{"embeddable":true,"href":"https:\/\/www.europesays.com\/se\/wp-json\/wp\/v2\/media\/130026"}],"wp:attachment":[{"href":"https:\/\/www.europesays.com\/se\/wp-json\/wp\/v2\/media?parent=130025"}],"wp:term":[{"taxonomy":"category","embeddable":true,"href":"https:\/\/www.europesays.com\/se\/wp-json\/wp\/v2\/categories?post=130025"},{"taxonomy":"post_tag","embeddable":true,"href":"https:\/\/www.europesays.com\/se\/wp-json\/wp\/v2\/tags?post=130025"}],"curies":[{"name":"wp","href":"https:\/\/api.w.org\/{rel}","templated":true}]}}