{"id":130029,"date":"2026-01-08T21:25:28","date_gmt":"2026-01-08T21:25:28","guid":{"rendered":"https:\/\/www.europesays.com\/se\/130029\/"},"modified":"2026-01-08T21:25:28","modified_gmt":"2026-01-08T21:25:28","slug":"alexander-skarsgard-leder-saturday-night-live","status":"publish","type":"post","link":"https:\/\/www.europesays.com\/se\/130029\/","title":{"rendered":"Alexander Skarsg\u00e5rd leder \u201dSaturday night live\u201d"},"content":{"rendered":"<p>Publicerad 8 jan 2026 kl 14.10Uppdaterad kl 15.35<\/p>\n<p>Den 30 januari g\u00f6r Alexander Skarsg\u00e5rd debut som programledare i amerikansk tv, rapporterar <a href=\"https:\/\/www.nbc.com\/nbc-insider\/snl-january-2026-hosts-teyana-taylor-alexander-skarsgard-musical-guests\" rel=\"nofollow noopener\" target=\"_blank\">NBC<\/a>.\u00a0<\/p>\n<p>Sk\u00e5despelaren kommer att vara v\u00e4rd f\u00f6r storprogrammet \u201dSaturday night live\u201d \u2013\u00a0och han g\u00e4stas av Cardi B.\u00a0<\/p>\n<p><img   alt=\"\"\/><\/p>\n<p>Alexander Skarsg\u00e5rd.<\/p>\n<p>Foto: JORDAN STRAUSS \/ AP TT NYHETSBYR\u00c5N<\/p>\n<p>\u00d6ppna bild i helsk\u00e4rm<img loading=\"lazy\"   alt=\"\"\/><\/p>\n<p>Cardi B.<\/p>\n<p>Foto: SIPA\/IBL<\/p>\n<p>\u00d6ppna bild i helsk\u00e4rm<\/p>\n<p><a href=\"https:\/\/www.expressen.se\/tagg\/person\/alexander-skarsgard\/\" class=\"\" rel=\"nofollow noopener\" target=\"_blank\">Alexander Skarsg\u00e5rd<\/a>, 49, l\u00e4mnar ett hektiskt film- och tv-\u00e5r bakom sig \u2013 och kliver in ett lika packat 2026.\u00a0<\/p>\n<p>I januari sl\u00e4pps filmen \u201dThe moment\u201d och m\u00e5naden d\u00e4rp\u00e5 kommer filmen \u201dPillion\u201d. \u00a0<\/p>\n<p>Och mellan filmpremi\u00e4rerna g\u00f6r han debut som programledare i ett av USA:s st\u00f6rsta tv-program, n\u00e4mligen \u201dSaturday night live\u201d. Det skriver NBC.\u00a0<\/p>\n<p>Han blir den f\u00f6rsta svensken att vara g\u00e4stv\u00e4rd.<\/p>\n<p>I programmet g\u00e4stas Skarsg\u00e5rd av v\u00e4rldsstj\u00e4rnan Cardi B, 33.<\/p>\n<p>De leder \u201dSaturday night live\u201d i januari<\/p>\n<p>Nu finns allts\u00e5 svensken p\u00e5 en stj\u00e4rnsp\u00e4ckad lista \u00f6ver g\u00e4stv\u00e4rdar f\u00f6r \u201dSNL\u201d.\u00a0<\/p>\n<p>I januari leder bland andra \u201dStranger things\u201d-sk\u00e5disen Finn Wolhard, 23, programmet och veckan d\u00e4rp\u00e5 \u00e4r artisten och sk\u00e5despelaren Teyana Taylor programledare.<\/p>\n<p>Innan \u00e5rsskiftet ledde Ariana Grande programmet.\u00a0<\/p>\n","protected":false},"excerpt":{"rendered":"Publicerad 8 jan 2026 kl 14.10Uppdaterad kl 15.35 Den 30 januari g\u00f6r Alexander Skarsg\u00e5rd debut som programledare i&hellip;\n","protected":false},"author":2,"featured_media":130030,"comment_status":"","ping_status":"","sticky":false,"template":"","format":"standard","meta":{"footnotes":""},"categories":[67],"tags":[104,4630,34,645,31,33,32,30,310,109,646,105],"class_list":{"0":"post-130029","1":"post","2":"type-post","3":"status-publish","4":"format-standard","5":"has-post-thumbnail","7":"category-underhallning","8":"tag-entertainment","9":"tag-person-alexander-skarsgard","10":"tag-se","11":"tag-sections-tv","12":"tag-svenska","13":"tag-sverige","14":"tag-sweden","15":"tag-swedish","16":"tag-topic-kandisar","17":"tag-topic-skadespelare","18":"tag-topic-tv-serier","19":"tag-underhallning"},"share_on_mastodon":{"url":"https:\/\/pubeurope.com\/@se\/115861594017432713","error":""},"_links":{"self":[{"href":"https:\/\/www.europesays.com\/se\/wp-json\/wp\/v2\/posts\/130029","targetHints":{"allow":["GET"]}}],"collection":[{"href":"https:\/\/www.europesays.com\/se\/wp-json\/wp\/v2\/posts"}],"about":[{"href":"https:\/\/www.europesays.com\/se\/wp-json\/wp\/v2\/types\/post"}],"author":[{"embeddable":true,"href":"https:\/\/www.europesays.com\/se\/wp-json\/wp\/v2\/users\/2"}],"replies":[{"embeddable":true,"href":"https:\/\/www.europesays.com\/se\/wp-json\/wp\/v2\/comments?post=130029"}],"version-history":[{"count":0,"href":"https:\/\/www.europesays.com\/se\/wp-json\/wp\/v2\/posts\/130029\/revisions"}],"wp:featuredmedia":[{"embeddable":true,"href":"https:\/\/www.europesays.com\/se\/wp-json\/wp\/v2\/media\/130030"}],"wp:attachment":[{"href":"https:\/\/www.europesays.com\/se\/wp-json\/wp\/v2\/media?parent=130029"}],"wp:term":[{"taxonomy":"category","embeddable":true,"href":"https:\/\/www.europesays.com\/se\/wp-json\/wp\/v2\/categories?post=130029"},{"taxonomy":"post_tag","embeddable":true,"href":"https:\/\/www.europesays.com\/se\/wp-json\/wp\/v2\/tags?post=130029"}],"curies":[{"name":"wp","href":"https:\/\/api.w.org\/{rel}","templated":true}]}}