{"id":130031,"date":"2026-01-08T21:27:15","date_gmt":"2026-01-08T21:27:15","guid":{"rendered":"https:\/\/www.europesays.com\/se\/130031\/"},"modified":"2026-01-08T21:27:15","modified_gmt":"2026-01-08T21:27:15","slug":"receptet-for-tins-nya-smabolagsfond-15-annars-aker-bolaget-ut","status":"publish","type":"post","link":"https:\/\/www.europesays.com\/se\/130031\/","title":{"rendered":"Receptet f\u00f6r TIN:s nya sm\u00e5bolagsfond: 15% \u2013 annars \u00e5ker bolaget ut"},"content":{"rendered":"<p>Efter tv\u00e5 \u00e5r som aktiechef p\u00e5 <strong>Case Fonder<\/strong> har <strong>Henrik Carlman<\/strong> nu gjort sin f\u00f6rsta m\u00e5nad p\u00e5 <strong>TIN Fonder<\/strong>. Han visar runt i lokalerna p\u00e5 \u00d6stermalm, ett stenkast fr\u00e5n Strandv\u00e4gen. Det r\u00e5der fortfarande en viss jul-lunk inf\u00f6r trettondagen. N\u00e4r Afv h\u00e4lsar p\u00e5 \u00e4r bara <strong>Erik Sprinchorn<\/strong> p\u00e5 kontoret.<\/p>\n<p>TIN Fonder har g\u00e5tt fr\u00e5n toppen till botten. Man har f\u00f6rlorat 75% av det f\u00f6rvaltade kapitalet och och tiotusentals sparare har l\u00e4mnat. Den tidigare stj\u00e4rnduon Sprinchorn &amp; <strong>Armfelt<\/strong> har tappat sin glans. Dagen efter intervjun blir det dessutom klart att <strong>Avanza<\/strong> avslutar samarbetet kring <strong>TIN World Tech<\/strong>, som inte levt upp till f\u00f6rv\u00e4ntningarna sedan fonden startades f\u00f6r fem \u00e5r sedan.<\/p>\n","protected":false},"excerpt":{"rendered":"Efter tv\u00e5 \u00e5r som aktiechef p\u00e5 Case Fonder har Henrik Carlman nu gjort sin f\u00f6rsta m\u00e5nad p\u00e5 TIN&hellip;\n","protected":false},"author":2,"featured_media":130032,"comment_status":"","ping_status":"","sticky":false,"template":"","format":"standard","meta":{"footnotes":""},"categories":[65],"tags":[72,70,71,34,31,33,32,30],"class_list":{"0":"post-130031","1":"post","2":"type-post","3":"status-publish","4":"format-standard","5":"has-post-thumbnail","7":"category-ekonomi","8":"tag-business","9":"tag-economy","10":"tag-ekonomi","11":"tag-se","12":"tag-svenska","13":"tag-sverige","14":"tag-sweden","15":"tag-swedish"},"share_on_mastodon":{"url":"https:\/\/pubeurope.com\/@se\/115861601850195801","error":""},"_links":{"self":[{"href":"https:\/\/www.europesays.com\/se\/wp-json\/wp\/v2\/posts\/130031","targetHints":{"allow":["GET"]}}],"collection":[{"href":"https:\/\/www.europesays.com\/se\/wp-json\/wp\/v2\/posts"}],"about":[{"href":"https:\/\/www.europesays.com\/se\/wp-json\/wp\/v2\/types\/post"}],"author":[{"embeddable":true,"href":"https:\/\/www.europesays.com\/se\/wp-json\/wp\/v2\/users\/2"}],"replies":[{"embeddable":true,"href":"https:\/\/www.europesays.com\/se\/wp-json\/wp\/v2\/comments?post=130031"}],"version-history":[{"count":0,"href":"https:\/\/www.europesays.com\/se\/wp-json\/wp\/v2\/posts\/130031\/revisions"}],"wp:featuredmedia":[{"embeddable":true,"href":"https:\/\/www.europesays.com\/se\/wp-json\/wp\/v2\/media\/130032"}],"wp:attachment":[{"href":"https:\/\/www.europesays.com\/se\/wp-json\/wp\/v2\/media?parent=130031"}],"wp:term":[{"taxonomy":"category","embeddable":true,"href":"https:\/\/www.europesays.com\/se\/wp-json\/wp\/v2\/categories?post=130031"},{"taxonomy":"post_tag","embeddable":true,"href":"https:\/\/www.europesays.com\/se\/wp-json\/wp\/v2\/tags?post=130031"}],"curies":[{"name":"wp","href":"https:\/\/api.w.org\/{rel}","templated":true}]}}