{"id":130037,"date":"2026-01-08T21:40:13","date_gmt":"2026-01-08T21:40:13","guid":{"rendered":"https:\/\/www.europesays.com\/se\/130037\/"},"modified":"2026-01-08T21:40:13","modified_gmt":"2026-01-08T21:40:13","slug":"08-januari-16-12-trafikolycka-borlange","status":"publish","type":"post","link":"https:\/\/www.europesays.com\/se\/130037\/","title":{"rendered":"08 januari 16.12, Trafikolycka, Borl\u00e4nge"},"content":{"rendered":"<p>SOS-alarm meddelar att tv\u00e5 fordon \u00e4r inblandade i en olycka utefter E16 i riktning mot Borl\u00e4nge.<\/p>\n<p>Polisen \u00e4r p\u00e5 plats f\u00f6r att unders\u00f6ka vad som har h\u00e4nt. Det finns i nul\u00e4get ingen information om att n\u00e5gon person ska ha blivit skadad.<\/p>\n<p>I nul\u00e4get \u00e4r det stopp i trafiken i riktning mot Borl\u00e4nge.<\/p>\n<p>UPPDATERING kl. 17.52<\/p>\n<p>Polisen har nu b\u00f6rjat sl\u00e4ppa p\u00e5 trafik i riktning mot Borl\u00e4nge men endast ett k\u00f6rf\u00e4lt \u00e4r \u00f6ppet.<\/p>\n<p>En person \u00e4r kontrollerad av ambulanspersonal p\u00e5 plats men denne beh\u00f6vde inte \u00e5ka med f\u00f6r v\u00e5rd.<\/p>\n<p>Polisen misst\u00e4nker inget brott.<\/p>\n","protected":false},"excerpt":{"rendered":"SOS-alarm meddelar att tv\u00e5 fordon \u00e4r inblandade i en olycka utefter E16 i riktning mot Borl\u00e4nge. Polisen \u00e4r&hellip;\n","protected":false},"author":2,"featured_media":54,"comment_status":"","ping_status":"","sticky":false,"template":"","format":"standard","meta":{"footnotes":""},"categories":[5],"tags":[22,23,26,27,17,21,24,25,28,29,15,16,18,34,31,33,32,30,19,20],"class_list":{"0":"post-130037","1":"post","2":"type-post","3":"status-publish","4":"format-standard","5":"has-post-thumbnail","7":"category-rubriker","8":"tag-breaking-news","9":"tag-breakingnews","10":"tag-featured-news","11":"tag-featurednews","12":"tag-headlines","13":"tag-huvudnyheter","14":"tag-latest-news","15":"tag-latestnews","16":"tag-main-news","17":"tag-mainnews","18":"tag-news","19":"tag-nyheter","20":"tag-rubriker","21":"tag-se","22":"tag-svenska","23":"tag-sverige","24":"tag-sweden","25":"tag-swedish","26":"tag-top-stories","27":"tag-topstories"},"share_on_mastodon":{"url":"https:\/\/pubeurope.com\/@se\/115861652961856451","error":""},"_links":{"self":[{"href":"https:\/\/www.europesays.com\/se\/wp-json\/wp\/v2\/posts\/130037","targetHints":{"allow":["GET"]}}],"collection":[{"href":"https:\/\/www.europesays.com\/se\/wp-json\/wp\/v2\/posts"}],"about":[{"href":"https:\/\/www.europesays.com\/se\/wp-json\/wp\/v2\/types\/post"}],"author":[{"embeddable":true,"href":"https:\/\/www.europesays.com\/se\/wp-json\/wp\/v2\/users\/2"}],"replies":[{"embeddable":true,"href":"https:\/\/www.europesays.com\/se\/wp-json\/wp\/v2\/comments?post=130037"}],"version-history":[{"count":0,"href":"https:\/\/www.europesays.com\/se\/wp-json\/wp\/v2\/posts\/130037\/revisions"}],"wp:featuredmedia":[{"embeddable":true,"href":"https:\/\/www.europesays.com\/se\/wp-json\/wp\/v2\/media\/54"}],"wp:attachment":[{"href":"https:\/\/www.europesays.com\/se\/wp-json\/wp\/v2\/media?parent=130037"}],"wp:term":[{"taxonomy":"category","embeddable":true,"href":"https:\/\/www.europesays.com\/se\/wp-json\/wp\/v2\/categories?post=130037"},{"taxonomy":"post_tag","embeddable":true,"href":"https:\/\/www.europesays.com\/se\/wp-json\/wp\/v2\/tags?post=130037"}],"curies":[{"name":"wp","href":"https:\/\/api.w.org\/{rel}","templated":true}]}}