{"id":130038,"date":"2026-01-08T21:48:13","date_gmt":"2026-01-08T21:48:13","guid":{"rendered":"https:\/\/www.europesays.com\/se\/130038\/"},"modified":"2026-01-08T21:48:13","modified_gmt":"2026-01-08T21:48:13","slug":"har-snoat-en-meter-i-natt-ostersunds-posten","status":"publish","type":"post","link":"https:\/\/www.europesays.com\/se\/130038\/","title":{"rendered":"\u201dHar sn\u00f6at en meter i natt\u201d &#8211; \u00d6stersunds-Posten"},"content":{"rendered":"<ol>\n<li><a href=\"https:\/\/news.google.com\/rss\/articles\/CBMilAFBVV95cUxOYmlyaFU0Sm1jT3NiQms1RzFNaGVLa1FKTnB5SlpuczVuV2JFLURXWDIwWXdxTFppc3JwVUJpLVJpdVVHcUFDd21oYnpvdG0zcEVxVFRCbU5NRXFnRjFOTUxwOFFTeUlKZkFlTEhXUXNZOXdlMGNNbUtzaEtaZVloemc5a1VTWlBIeWdta3NHVk56NDlM?oc=5\" target=\"_blank\" rel=\"nofollow noopener\">\u201dHar sn\u00f6at en meter i natt\u201d<\/a>&nbsp;&nbsp;\u00d6stersunds-Posten<\/li>\n<li><a href=\"https:\/\/news.google.com\/rss\/articles\/CBMilwFBVV95cUxONDJIS0xvMGx5aE1CMXh4ZHVVSXZNMUdxRXFvWFhRX01yXzByYnZtSjZVTmhYUWk2eWVvOTNqNkppek13NkNORmlYbmRYSC1yRkRkY2tVN0NYaGtXWWFBWEhSXzhDSF92WGhBQ0IyU3BOYnE4UTlnMzBPTVYzdkI2WWt4QWFWQnl0bGQyRWVOVFM0RmxJdmJF?oc=5\" target=\"_blank\" rel=\"nofollow noopener\">Sn\u00f6yra och extremkyla \u2013 ingen match f\u00f6r hemtj\u00e4nsten i \u00c5re<\/a>&nbsp;&nbsp;Sveriges Radio<\/li>\n<li><a href=\"https:\/\/news.google.com\/rss\/articles\/CBMinwFBVV95cUxNTzdhTjhITXlhZ3ptMWRrTGUySDNUY3R0TlZ5a204Nk9ieFBvNmRYRGxFcUVPS3BPM2RQWWJBN0lGaUpkeEdRVXlYbFRwZ1VRQmZtbkpTSG82OTd4bHFpR25QeTlQbjZYVFRaMEhwU0g1N2NtWnhxbTd0V0dZUnlVcWk2WkNEM2VsUS1WUFgyUkxsNE9hVl9JWW1jSDVnTU0?oc=5\" target=\"_blank\" rel=\"nofollow noopener\">Se skotrarna k\u00f6ra under sn\u00f6n i Bydalsfj\u00e4llen: \u201dHelt galet\u201d<\/a>&nbsp;&nbsp;SVT Nyheter<\/li>\n<li><a href=\"https:\/\/news.google.com\/rss\/articles\/CBMilgFBVV95cUxPekdkYTRDQkJrZkNpSEEtMF9CeEFzNktjaC1RVEZIYVEzRkwzc240SUE2SElUWElZTXJLaHNjVW4tWFp3VF8tSHJ0a0lXdjZPV0wzWGwyWVJzR3lxem92R3FKT3g3Y1laSENnZWJsRi1FbEMwRFJaYWhZT0k3ZTE0Wmx2RGxHUHVfSHhfSDU1VUdQNWg4RGc?oc=5\" target=\"_blank\" rel=\"nofollow noopener\">Extrema sn\u00f6m\u00e4ngder i J\u00e4rpen \u2013 Peo har plogat i 12 timmar<\/a>&nbsp;&nbsp;Sveriges Radio<\/li>\n<li><a href=\"https:\/\/news.google.com\/rss\/articles\/CBMihwFBVV95cUxNaU5JbGZqVFFpNlBvS0hrQzZDaDdjZWFHd2d4REh0WS0xV2Q1bENpbTgxeVZIakRHV1ZYcDRtNGJRVXUxSVBTNzdFWThSc2FHLThEbktpU2VscEhiQkE3VTdQUHFFREZmcGtUaHpvNFNDUC1jT3laQmxKd1gzQ2N2WVJldF95Y2c?oc=5\" target=\"_blank\" rel=\"nofollow noopener\">Sn\u00f6kaos i Bydalen \u2013 drivor upp till tre meter<\/a>&nbsp;&nbsp;Sveriges Radio<\/li>\n<\/ol>\n","protected":false},"excerpt":{"rendered":"\u201dHar sn\u00f6at en meter i natt\u201d&nbsp;&nbsp;\u00d6stersunds-Posten Sn\u00f6yra och extremkyla \u2013 ingen match f\u00f6r hemtj\u00e4nsten i \u00c5re&nbsp;&nbsp;Sveriges Radio Se&hellip;\n","protected":false},"author":2,"featured_media":130039,"comment_status":"","ping_status":"","sticky":false,"template":"","format":"standard","meta":{"footnotes":""},"categories":[5],"tags":[22,23,26,27,17,21,24,25,28,29,15,16,18,34,31,33,32,30,19,20],"class_list":{"0":"post-130038","1":"post","2":"type-post","3":"status-publish","4":"format-standard","5":"has-post-thumbnail","7":"category-rubriker","8":"tag-breaking-news","9":"tag-breakingnews","10":"tag-featured-news","11":"tag-featurednews","12":"tag-headlines","13":"tag-huvudnyheter","14":"tag-latest-news","15":"tag-latestnews","16":"tag-main-news","17":"tag-mainnews","18":"tag-news","19":"tag-nyheter","20":"tag-rubriker","21":"tag-se","22":"tag-svenska","23":"tag-sverige","24":"tag-sweden","25":"tag-swedish","26":"tag-top-stories","27":"tag-topstories"},"share_on_mastodon":{"url":"https:\/\/pubeurope.com\/@se\/115861684438465173","error":""},"_links":{"self":[{"href":"https:\/\/www.europesays.com\/se\/wp-json\/wp\/v2\/posts\/130038","targetHints":{"allow":["GET"]}}],"collection":[{"href":"https:\/\/www.europesays.com\/se\/wp-json\/wp\/v2\/posts"}],"about":[{"href":"https:\/\/www.europesays.com\/se\/wp-json\/wp\/v2\/types\/post"}],"author":[{"embeddable":true,"href":"https:\/\/www.europesays.com\/se\/wp-json\/wp\/v2\/users\/2"}],"replies":[{"embeddable":true,"href":"https:\/\/www.europesays.com\/se\/wp-json\/wp\/v2\/comments?post=130038"}],"version-history":[{"count":0,"href":"https:\/\/www.europesays.com\/se\/wp-json\/wp\/v2\/posts\/130038\/revisions"}],"wp:featuredmedia":[{"embeddable":true,"href":"https:\/\/www.europesays.com\/se\/wp-json\/wp\/v2\/media\/130039"}],"wp:attachment":[{"href":"https:\/\/www.europesays.com\/se\/wp-json\/wp\/v2\/media?parent=130038"}],"wp:term":[{"taxonomy":"category","embeddable":true,"href":"https:\/\/www.europesays.com\/se\/wp-json\/wp\/v2\/categories?post=130038"},{"taxonomy":"post_tag","embeddable":true,"href":"https:\/\/www.europesays.com\/se\/wp-json\/wp\/v2\/tags?post=130038"}],"curies":[{"name":"wp","href":"https:\/\/api.w.org\/{rel}","templated":true}]}}