{"id":130042,"date":"2026-01-08T21:54:23","date_gmt":"2026-01-08T21:54:23","guid":{"rendered":"https:\/\/www.europesays.com\/se\/130042\/"},"modified":"2026-01-08T21:54:23","modified_gmt":"2026-01-08T21:54:23","slug":"syriens-militar-uppges-bomba-aleppo-3","status":"publish","type":"post","link":"https:\/\/www.europesays.com\/se\/130042\/","title":{"rendered":"Syriens milit\u00e4r uppges bomba Aleppo"},"content":{"rendered":"<p>Sammandrabbningarna mellan regeringsstyrkor och kurdiska grupper i syriska Aleppo forts\u00e4tter p\u00e5 onsdagen. Strax efter klockan 13, svensk tid, rapporterar AFP:s korrespondent att milit\u00e4ren har b\u00f6rjat bomba stadens kurdiska omr\u00e5den.<\/p>\n<p>Humanit\u00e4ra korridorer ska ha skapats f\u00f6r att civila ska kunna komma d\u00e4rifr\u00e5n.<\/p>\n<p>Tidigare under onsdagen meddelades att skolor och offentliga institutioner i Aleppo h\u00e5ller st\u00e4ngt p\u00e5 grund av v\u00e5ldet.<\/p>\n<p>P\u00e5 tisdagen d\u00f6dades nio personer i v\u00e5ldsamma sammandrabbningar, fr\u00e4mst civila.<\/p>\n","protected":false},"excerpt":{"rendered":"Sammandrabbningarna mellan regeringsstyrkor och kurdiska grupper i syriska Aleppo forts\u00e4tter p\u00e5 onsdagen. Strax efter klockan 13, svensk tid,&hellip;\n","protected":false},"author":2,"featured_media":130043,"comment_status":"","ping_status":"","sticky":false,"template":"","format":"standard","meta":{"footnotes":""},"categories":[14],"tags":[22,23,26,27,17,21,24,25,28,29,15,16,18,34,31,33,32,30,19,20,51,52,53,54],"class_list":{"0":"post-130042","1":"post","2":"type-post","3":"status-publish","4":"format-standard","5":"has-post-thumbnail","7":"category-varlden","8":"tag-breaking-news","9":"tag-breakingnews","10":"tag-featured-news","11":"tag-featurednews","12":"tag-headlines","13":"tag-huvudnyheter","14":"tag-latest-news","15":"tag-latestnews","16":"tag-main-news","17":"tag-mainnews","18":"tag-news","19":"tag-nyheter","20":"tag-rubriker","21":"tag-se","22":"tag-svenska","23":"tag-sverige","24":"tag-sweden","25":"tag-swedish","26":"tag-top-stories","27":"tag-topstories","28":"tag-varlden","29":"tag-world","30":"tag-world-news","31":"tag-worldnews"},"share_on_mastodon":{"url":"https:\/\/pubeurope.com\/@se\/115861707999506719","error":""},"_links":{"self":[{"href":"https:\/\/www.europesays.com\/se\/wp-json\/wp\/v2\/posts\/130042","targetHints":{"allow":["GET"]}}],"collection":[{"href":"https:\/\/www.europesays.com\/se\/wp-json\/wp\/v2\/posts"}],"about":[{"href":"https:\/\/www.europesays.com\/se\/wp-json\/wp\/v2\/types\/post"}],"author":[{"embeddable":true,"href":"https:\/\/www.europesays.com\/se\/wp-json\/wp\/v2\/users\/2"}],"replies":[{"embeddable":true,"href":"https:\/\/www.europesays.com\/se\/wp-json\/wp\/v2\/comments?post=130042"}],"version-history":[{"count":0,"href":"https:\/\/www.europesays.com\/se\/wp-json\/wp\/v2\/posts\/130042\/revisions"}],"wp:featuredmedia":[{"embeddable":true,"href":"https:\/\/www.europesays.com\/se\/wp-json\/wp\/v2\/media\/130043"}],"wp:attachment":[{"href":"https:\/\/www.europesays.com\/se\/wp-json\/wp\/v2\/media?parent=130042"}],"wp:term":[{"taxonomy":"category","embeddable":true,"href":"https:\/\/www.europesays.com\/se\/wp-json\/wp\/v2\/categories?post=130042"},{"taxonomy":"post_tag","embeddable":true,"href":"https:\/\/www.europesays.com\/se\/wp-json\/wp\/v2\/tags?post=130042"}],"curies":[{"name":"wp","href":"https:\/\/api.w.org\/{rel}","templated":true}]}}