{"id":130048,"date":"2026-01-08T22:04:07","date_gmt":"2026-01-08T22:04:07","guid":{"rendered":"https:\/\/www.europesays.com\/se\/130048\/"},"modified":"2026-01-08T22:04:07","modified_gmt":"2026-01-08T22:04:07","slug":"skidskytte-johan-olav-botn-om-att-hitta-vannen-dod-knackade-pa-men-fick-inget-svar","status":"publish","type":"post","link":"https:\/\/www.europesays.com\/se\/130048\/","title":{"rendered":"Skidskytte: Johan-Olav Botn om att hitta v\u00e4nnen d\u00f6d: \u201dKnackade p\u00e5 \u2013 men fick inget svar\u201d"},"content":{"rendered":"<p>H\u00f6r Johan-Olav Botn ber\u00e4tta om den hemska upplevelsen i spelaren ovan.<\/p>\n<p>Det har g\u00e5tt drygt tv\u00e5 veckor sedan Johan-Olav Botn, tillsammans med flickv\u00e4nnen Karoline Simpson-Larsen, befann sig i italienska Lavaz\u00e9 med flera andra skidskyttar f\u00f6r att tr\u00e4na under juluppeh\u00e5llet.<\/p>\n<p>Dagen innan julafton sken solen och Botn gjorde sig redo f\u00f6r tr\u00e4ning. Han skulle h\u00e4mta nyckel och skidor hos Sivert Guttorm Bakken och knackade p\u00e5. N\u00e4r ingen \u00f6ppnade gick han in.<\/p>\n<p>\u2013 Jag f\u00f6rstod att han var d\u00f6d med en g\u00e5ng, s\u00e4ger Botn till NRK.<\/p>\n<p>Tiden d\u00e4refter har varit tuff.<\/p>\n<p>\u2013 Jag k\u00e4nner egentligen inte att jag har gjort s\u00e5 mycket f\u00f6r att komma vidare. Det har varit en bergochdalbana, s\u00e4ger Botn, som inte t\u00e4vlar i v\u00e4rldscupen den h\u00e4r helgen p\u00e5 grund av en f\u00f6rkylning och d\u00e4rf\u00f6r \u00e4r hemma i Lillehammer.<\/p>\n<p>Italiensk polis utreder Bakkens d\u00f6dsorsak. Begravningen kommer att ske i Lillehammer den 13 januari.<\/p>\n","protected":false},"excerpt":{"rendered":"H\u00f6r Johan-Olav Botn ber\u00e4tta om den hemska upplevelsen i spelaren ovan. Det har g\u00e5tt drygt tv\u00e5 veckor sedan&hellip;\n","protected":false},"author":2,"featured_media":130049,"comment_status":"","ping_status":"","sticky":false,"template":"","format":"standard","meta":{"footnotes":""},"categories":[5],"tags":[22,23,26,27,17,21,24,25,28,29,15,16,18,34,31,33,32,30,19,20],"class_list":{"0":"post-130048","1":"post","2":"type-post","3":"status-publish","4":"format-standard","5":"has-post-thumbnail","7":"category-rubriker","8":"tag-breaking-news","9":"tag-breakingnews","10":"tag-featured-news","11":"tag-featurednews","12":"tag-headlines","13":"tag-huvudnyheter","14":"tag-latest-news","15":"tag-latestnews","16":"tag-main-news","17":"tag-mainnews","18":"tag-news","19":"tag-nyheter","20":"tag-rubriker","21":"tag-se","22":"tag-svenska","23":"tag-sverige","24":"tag-sweden","25":"tag-swedish","26":"tag-top-stories","27":"tag-topstories"},"share_on_mastodon":{"url":"https:\/\/pubeurope.com\/@se\/115861747317423791","error":""},"_links":{"self":[{"href":"https:\/\/www.europesays.com\/se\/wp-json\/wp\/v2\/posts\/130048","targetHints":{"allow":["GET"]}}],"collection":[{"href":"https:\/\/www.europesays.com\/se\/wp-json\/wp\/v2\/posts"}],"about":[{"href":"https:\/\/www.europesays.com\/se\/wp-json\/wp\/v2\/types\/post"}],"author":[{"embeddable":true,"href":"https:\/\/www.europesays.com\/se\/wp-json\/wp\/v2\/users\/2"}],"replies":[{"embeddable":true,"href":"https:\/\/www.europesays.com\/se\/wp-json\/wp\/v2\/comments?post=130048"}],"version-history":[{"count":0,"href":"https:\/\/www.europesays.com\/se\/wp-json\/wp\/v2\/posts\/130048\/revisions"}],"wp:featuredmedia":[{"embeddable":true,"href":"https:\/\/www.europesays.com\/se\/wp-json\/wp\/v2\/media\/130049"}],"wp:attachment":[{"href":"https:\/\/www.europesays.com\/se\/wp-json\/wp\/v2\/media?parent=130048"}],"wp:term":[{"taxonomy":"category","embeddable":true,"href":"https:\/\/www.europesays.com\/se\/wp-json\/wp\/v2\/categories?post=130048"},{"taxonomy":"post_tag","embeddable":true,"href":"https:\/\/www.europesays.com\/se\/wp-json\/wp\/v2\/tags?post=130048"}],"curies":[{"name":"wp","href":"https:\/\/api.w.org\/{rel}","templated":true}]}}