{"id":130050,"date":"2026-01-08T22:11:09","date_gmt":"2026-01-08T22:11:09","guid":{"rendered":"https:\/\/www.europesays.com\/se\/130050\/"},"modified":"2026-01-08T22:11:09","modified_gmt":"2026-01-08T22:11:09","slug":"juni-18-fran-alingsas-tog-korkort-mitt-i-vintern","status":"publish","type":"post","link":"https:\/\/www.europesays.com\/se\/130050\/","title":{"rendered":"Juni, 18, fr\u00e5n Alings\u00e5s tog k\u00f6rk\u00f6rt \u2013 mitt i vintern"},"content":{"rendered":"<p><a data-test-tag=\"internal-link\" href=\"https:\/\/www.aftonbladet.se\/av\/agnes-ericson\" class=\"hyperion-css-13ns1rr\" rel=\"nofollow noopener\" target=\"\" aria-label=\"Se alla artiklar av Agn\u00e8s Ericson\"><img decoding=\"async\" class=\"image-asset hyperion-css-n6kkq1\" data-test-tag=\"image-asset\" src=\"https:\/\/www.europesays.com\/se\/wp-content\/uploads\/2026\/01\/1767910268_408_40e63808-cfdf-4edd-a8ec-9c54637d26da.jpeg\"  alt=\"\"  loading=\"lazy\" fetchpriority=\"auto\" style=\"aspect-ratio:1900 \/ 1900\"\/><\/a>share-arrowDela<\/p>\n<p>unsaveSpara<\/p>\n<p>expand-left<\/p>\n<p>helsk\u00e4rm<img decoding=\"async\" class=\"image-asset hyperion-css-u06ts1\" data-test-tag=\"image-asset\" src=\"https:\/\/www.europesays.com\/se\/wp-content\/uploads\/2026\/01\/cc962ed4-04fa-4c42-b424-b0ba4144f0dd.jpeg\"  alt=\"Juni B\u00e5genholm klarade uppk\u00f6rningen trots sn\u00f6kaoset.\"  loading=\"eager\" fetchpriority=\"high\" style=\"aspect-ratio:1281 \/ 721\"\/>Juni B\u00e5genholm klarade uppk\u00f6rningen trots sn\u00f6kaoset. Foto: Trafikskolan Maria B  <\/p>\n<p class=\"hyperion-css-1shl3oz\" data-test-tag=\"lead-text\">Vissa h\u00f6ll sig hemma i sn\u00f6smockan.  <\/p>\n<p class=\"hyperion-css-1shl3oz\" data-test-tag=\"lead-text\">Andra tog k\u00f6rkort. <\/p>\n<p class=\"hyperion-css-1shl3oz\" data-test-tag=\"lead-text\">\u2013 Det var ganska l\u00e4tt, s\u00e4ger Juni B\u00e5genholm, 18.<\/p>\n<p class=\"hyperion-css-1v9qo5x\">Sn\u00f6n vr\u00e4kte ner p\u00e5 V\u00e4stkusten under onsdagen medan v\u00e4dervarningarna avl\u00f6ste varandra. Det st\u00e4llde till det f\u00f6r b\u00e5de <a data-test-tag=\"internal-link\" href=\"https:\/\/www.aftonbladet.se\/nyheter\/a\/JOokrm\/chalmers-staller-in-alla-tentor\" class=\"hyperion-css-15jkft9\" rel=\"nofollow noopener\" target=\"\" aria-label=\"tentaskrivare p\u00e5 Chalmers\">tentaskrivare p\u00e5 Chalmers<\/a> och m\u00e4nniskor p\u00e5 v\u00e4g till eller fr\u00e5n f\u00f6rsta jobbdagen efter julledigheten.<\/p>\n<p class=\"hyperion-css-1v9qo5x\">Bilister uppmanades att inte ge sig ut i on\u00f6dan.<\/p>\n<p class=\"hyperion-css-1v9qo5x\">Samtidigt hade Juni B\u00e5genholm, 18, i Alings\u00e5s, en uppk\u00f6rning inbokad p\u00e5 f\u00f6rmiddagen.<\/p>\n<p class=\"hyperion-css-1v9qo5x\">\u2013 N\u00e4r jag kom ut hade de v\u00e4l precis plogat p\u00e5 morgonen, men v\u00e4garna var inte uppk\u00f6rda s\u00e5 att man s\u00e5g asfalten. Det var mest packad sn\u00f6, ber\u00e4ttar hon. <\/p>\n<p>expand-left<\/p>\n<p>helsk\u00e4rm<img decoding=\"async\" class=\"image-asset hyperion-css-u06ts1\" data-test-tag=\"image-asset\" src=\"https:\/\/www.europesays.com\/se\/wp-content\/uploads\/2026\/01\/685f3e01-b224-47b7-970e-21401435f945.jpeg\"  alt=\"\u201dInspekt\u00f6ren sa att jag hade bra v\u00e4gh\u00e5llning med tanke p\u00e5 omst\u00e4ndigheterna\u201d, s\u00e4ger 18-\u00e5riga Juni. \"  loading=\"eager\" fetchpriority=\"high\" style=\"aspect-ratio:1249 \/ 747\"\/>\u201dInspekt\u00f6ren sa att jag hade bra v\u00e4gh\u00e5llning med tanke p\u00e5 omst\u00e4ndigheterna\u201d, s\u00e4ger 18-\u00e5riga Juni. Foto: Privat <\/p>\n<p class=\"hyperion-css-1v9qo5x\">18-\u00e5ringen \u00e4r inte van vid att k\u00f6ra p\u00e5 vinterunderlag. <\/p>\n<p class=\"hyperion-css-1v9qo5x\">\u2013 Det har ju varit sn\u00f6 h\u00e4r de senaste dagarna, s\u00e5 jag har f\u00f6rs\u00f6kt k\u00f6ra varje dag f\u00f6r att v\u00e4nja mig.<\/p>\n<p>\u201dF\u00e5r g\u00f6ra det b\u00e4sta av situationen\u201d<\/p>\n<p class=\"hyperion-css-1v9qo5x\">Uppk\u00f6rningen bokade hon redan i h\u00f6stas, s\u00e5 det var bara att s\u00e4tta sig bakom ratten n\u00e4r det v\u00e4l var dags.<\/p>\n<p class=\"hyperion-css-1v9qo5x\">\u2013 Jag t\u00e4nkte att jag f\u00e5r g\u00f6ra det b\u00e4sta av situationen. De f\u00f6rsta proven f\u00f6re mitt blev inst\u00e4llda p\u00e5 grund av v\u00e4dret. Det var n\u00e4stan bara tur att jag fick g\u00f6ra provet.<\/p>\n<p class=\"hyperion-css-1v9qo5x\">Och det var inte alltid enkelt.<\/p>\n<p class=\"hyperion-css-1v9qo5x\">\u2013 Det var lite k\u00e4mpigt att fastna i sn\u00f6drivor n\u00e4r jag skulle ut fr\u00e5n parkeringen. Och i en rondell slirade jag lite. Men i \u00f6vrigt gick det ganska l\u00e4tt. N\u00e5gra v\u00e4glinjer var sv\u00e5ra att se, men jag klarade mig bra, s\u00e4ger hon.<\/p>\n<p class=\"hyperion-css-1v9qo5x\">Det tyckte trafikinspekt\u00f6ren ocks\u00e5. <\/p>\n<p>expand-left<\/p>\n<p>helsk\u00e4rm<img decoding=\"async\" class=\"image-asset hyperion-css-u06ts1\" data-test-tag=\"image-asset\" src=\"https:\/\/www.europesays.com\/se\/wp-content\/uploads\/2026\/01\/dba7e577-d7bd-42f8-a4b5-b39f6d52fe35.jpeg\"  alt=\"Stora sn\u00f6m\u00e4ngder i G\u00f6teborgstrakten.\"  loading=\"eager\" fetchpriority=\"high\" style=\"aspect-ratio:1900 \/ 1381\"\/>Stora sn\u00f6m\u00e4ngder i G\u00f6teborgstrakten. Foto: Bj\u00f6rn Larsson Rosvall\/TTR\u00e5den till andra bilister <\/p>\n<p class=\"hyperion-css-1v9qo5x\">\u201dAtt ta k\u00f6rkort \u00e4r en prestation i sig, men att g\u00f6ra det under r\u00e5dande v\u00e4derf\u00f6rh\u00e5llanden visar verkligen p\u00e5 mognad, skicklighet och gott omd\u00f6me bakom ratten\u201d, skriver trafikskolan Maria B i ett Facebook-inl\u00e4gg d\u00e4r de hyllar den unga f\u00f6raren.<\/p>\n<p class=\"hyperion-css-1v9qo5x\">\u2013 Jag blev chockad, f\u00f6r jag t\u00e4nkte att det \u00e4r sv\u00e5rt att f\u00e5 k\u00f6rkort i s\u00e5nt h\u00e4r v\u00e4der. Det \u00e4r mycket som st\u00e5r p\u00e5 spel och man m\u00e5ste k\u00f6ra v\u00e4ldigt s\u00e4kert. Det \u00e4r mycket sv\u00e5rare \u00e4n det jag har \u00f6vat i, s\u00e4ger Juni. <\/p>\n<p class=\"hyperion-css-1v9qo5x\"><strong>Vad har du f\u00f6r r\u00e5d till andra som k\u00f6r i vinterv\u00e4glag?<\/strong><\/p>\n<p class=\"hyperion-css-1v9qo5x\">\u2013 H\u00e5ll s\u00e5 mycket avst\u00e5nd som m\u00f6jligt till bilarna framf\u00f6r. Ta det extra l\u00e5ngsamt. Och v\u00e4lj alltid det s\u00e4kra f\u00f6re det os\u00e4kra.<\/p>\n<p class=\"hyperion-css-1v9qo5x\">Under g\u00e5rdagen fick hon en chokladask med Noblesse och blommor av k\u00f6rskolan. I\u00a0dag ska hon fira med att ge sig ut p\u00e5 v\u00e4garna.<\/p>\n<p class=\"hyperion-css-1v9qo5x\">\u2013 Och i morgon b\u00f6rjar jag skolan igen. Om jag kan, s\u00e5 tar jag bilen dit.<\/p>\n<ul class=\"hyperion-css-dlhdzr\">\n<li class=\"hyperion-css-y50u4e\" data-entry-tags=\"\" data-testid=\"liveblog-entry\">\n<p>Bandvagnar hj\u00e4lper hemtj\u00e4nsten i G\u00f6teborg <\/p>\n<p>Bandvagnar hj\u00e4lper hemtj\u00e4nsten i G\u00f6teborg <\/p>\n<p class=\"hyperion-css-mtu8ek\">Bandvagnar fr\u00e5n hemv\u00e4rnet har kallats in f\u00f6r att hj\u00e4lpa hemtj\u00e4nsten i Torslanda i G\u00f6teborg.<\/p>\n<p class=\"hyperion-css-mtu8ek\">Sn\u00f6ov\u00e4dret p\u00e5 V\u00e4stkusten har gjort det sv\u00e5rt att komma fram till de \u00e4ldre. <\/p>\n<\/li>\n<\/ul>\n<p>Logga in f\u00f6r att skriva<\/p>\n<p>Bandvagnar hj\u00e4lper hemtj\u00e4nsten i G\u00f6teborg <\/p>\n<p class=\"hyperion-css-mtu8ek\">Bandvagnar fr\u00e5n hemv\u00e4rnet har kallats in f\u00f6r att hj\u00e4lpa hemtj\u00e4nsten i Torslanda i G\u00f6teborg.<\/p>\n<p class=\"hyperion-css-mtu8ek\">Sn\u00f6ov\u00e4dret p\u00e5 V\u00e4stkusten har gjort det sv\u00e5rt att komma fram till de \u00e4ldre. <\/p>\n<p>BB i Sundsvall: \u00c5k in i god tid<\/p>\n<p class=\"hyperion-css-mtu8ek\">\u00c4r du h\u00f6ggravid i sn\u00f6kaoset?<\/p>\n<p class=\"hyperion-css-mtu8ek\">Se d\u00e5 till att ha framf\u00f6rh\u00e5llning, uppmanar BB i Sundsvall.<\/p>\n<p class=\"hyperion-css-mtu8ek\">\u201dOm du b\u00f6rjar f\u00e5 v\u00e4rkar, \u00e5k i tid och packa med pl\u00e4dar, spade och termos med varm dryck! Det finns m\u00f6jlighet att f\u00e5 stanna p\u00e5 v\u00e5rdhotellet om man inte \u00e4r i aktiv f\u00f6rlossning n\u00e4r man kommer in. Om du har v\u00e4rkar och inte kan ta dig in f\u00f6r egen maskin pga v\u00e4dret, ring ambulans\u201d, skriver de p\u00e5 Instagram. <\/p>\n<p>R\u00e4ddningstj\u00e4nsten: \u201dVarit relativt lugnt\u201d<\/p>\n<p class=\"hyperion-css-mtu8ek\">David M\u00e5rdstam, vakthavande bef\u00e4l p\u00e5 r\u00e4ddningsregion Mittnorrland, s\u00e4ger att eftermiddagen och kv\u00e4llen har varit relativ lugn i omr\u00e5det. <\/p>\n<p class=\"hyperion-css-mtu8ek\">M\u00e5nga boende verkat ha lyssnat p\u00e5 v\u00e4dervarningen och har inte gett sig ut i trafiken i on\u00f6dan. <\/p>\n<p class=\"hyperion-css-mtu8ek\">\u2013 M\u00e5nga har h\u00f6rsammat varningen. Det \u00e4r j\u00e4ttebra, s\u00e4ger M\u00e5rdstam. <\/p>\n<p class=\"hyperion-css-mtu8ek\">R\u00e4ddningstj\u00e4nsten har ryckt ut p\u00e5 en singelolycka i Sollefte\u00e5 d\u00e4r en bil k\u00f6rt ner i diket. <\/p>\n<p class=\"hyperion-css-mtu8ek\">\u2013 Det \u00e4r inga st\u00f6rre skador mer att den k\u00f6rt fast i sn\u00f6n, s\u00e4ger larmoperat\u00f6r Daniel Ferner. <\/p>\n<ul class=\"hyperion-css-88kmbp\">\n<li class=\"hyperion-css-100j4g8\" data-entry-tags=\"\" data-testid=\"liveblog-entry\">\n<p>Hela G\u00f6teborg dumpar sn\u00f6 i \u00e4lven<\/p>\n<p>Hela G\u00f6teborg dumpar sn\u00f6 i \u00e4lven<\/p>\n<p class=\"hyperion-css-mtu8ek\">Det har sn\u00f6at i G\u00f6teborg \u2013 s\u00e5 mycket att plogarna inte viste var man skulle g\u00f6ra av all sn\u00f6.<\/p>\n<p class=\"hyperion-css-mtu8ek\">\u2013 Det fanns inte plats att l\u00e4gga sn\u00f6n. Det blev n\u00e4stan v\u00e4rre n\u00e4r man plogade f\u00f6r d\u00e5 blev det h\u00f6gar p\u00e5 dumma st\u00e4llen som skymde sikt. D\u00e5 satte vi ig\u00e5ng och b\u00f6rjade forsla bort sn\u00f6, s\u00e4ger Simon Engstr\u00f6m, ansvarig f\u00f6r vinterberedskapen i centrala G\u00f6teborg, till <a href=\"https:\/\/www.gp.se\/nyheter\/goteborg\/vasttrafik-om-snoovadret-ingen-normal-situation.9339ef9b-11e5-4944-83fb-40bc4d2cf44e?ifr-dir-postId=5bad1d49-b790-4871-a003-baacb1077671\" rel=\"noopener nofollow\" target=\"_blank\">GP.<\/a><\/p>\n<p class=\"hyperion-css-mtu8ek\">Vanligtvis brukar man kunna forsla sn\u00f6n till en sn\u00f6tipp i Marieholm.<\/p>\n<p class=\"hyperion-css-mtu8ek\">\u2013 Den \u00e4r full just nu s\u00e5 nu har vi b\u00f6rjat tippa i \u00e4lven, vid Gullbergskaj. Vi har dispens fr\u00e5n l\u00e4nsstyrelsen att tippa d\u00e4r.<\/p>\n<p class=\"hyperion-css-mtu8ek\">Enligt honom forslar \u201dhela stan\u201d sin sn\u00f6 dit eftersom alla sn\u00f6tippar p\u00e5 land \u00e4r fulla. <\/p>\n<\/li>\n<li class=\"hyperion-css-100j4g8 chat-entry\" data-entry-tags=\"\" data-testid=\"liveblog-entry\">\n<p class=\"hyperion-css-mtu8ek\">\u00c5skan ger sig aldrig i H\u00e4rn\u00f6sand. Har h\u00e5llit ig\u00e5ng sedan 15 tiden och det blixtrar och dundrar \u00e4nnu kl 21.20.<\/p>\n<\/li>\n<li class=\"hyperion-css-100j4g8\" data-entry-tags=\"\" data-testid=\"liveblog-entry\">\n<p>BB i Sundsvall: \u00c5k in i god tid<\/p>\n<p>BB i Sundsvall: \u00c5k in i god tid<\/p>\n<p class=\"hyperion-css-mtu8ek\">\u00c4r du h\u00f6ggravid i sn\u00f6kaoset?<\/p>\n<p class=\"hyperion-css-mtu8ek\">Se d\u00e5 till att ha framf\u00f6rh\u00e5llning, uppmanar BB i Sundsvall.<\/p>\n<p class=\"hyperion-css-mtu8ek\">\u201dOm du b\u00f6rjar f\u00e5 v\u00e4rkar, \u00e5k i tid och packa med pl\u00e4dar, spade och termos med varm dryck! Det finns m\u00f6jlighet att f\u00e5 stanna p\u00e5 v\u00e5rdhotellet om man inte \u00e4r i aktiv f\u00f6rlossning n\u00e4r man kommer in. Om du har v\u00e4rkar och inte kan ta dig in f\u00f6r egen maskin pga v\u00e4dret, ring ambulans\u201d, skriver de p\u00e5 Instagram. <\/p>\n<\/li>\n<li class=\"hyperion-css-100j4g8\" data-entry-tags=\"\" data-testid=\"liveblog-entry\">\n<p>R\u00e4ddningstj\u00e4nsten: \u201dVarit relativt lugnt\u201d<\/p>\n<p>R\u00e4ddningstj\u00e4nsten: \u201dVarit relativt lugnt\u201d<\/p>\n<p class=\"hyperion-css-mtu8ek\">David M\u00e5rdstam, vakthavande bef\u00e4l p\u00e5 r\u00e4ddningsregion Mittnorrland, s\u00e4ger att eftermiddagen och kv\u00e4llen har varit relativ lugn i omr\u00e5det. <\/p>\n<p class=\"hyperion-css-mtu8ek\">M\u00e5nga boende verkat ha lyssnat p\u00e5 v\u00e4dervarningen och har inte gett sig ut i trafiken i on\u00f6dan. <\/p>\n<p class=\"hyperion-css-mtu8ek\">\u2013 M\u00e5nga har h\u00f6rsammat varningen. Det \u00e4r j\u00e4ttebra, s\u00e4ger M\u00e5rdstam. <\/p>\n<p class=\"hyperion-css-mtu8ek\">R\u00e4ddningstj\u00e4nsten har ryckt ut p\u00e5 en singelolycka i Sollefte\u00e5 d\u00e4r en bil k\u00f6rt ner i diket. <\/p>\n<p class=\"hyperion-css-mtu8ek\">\u2013 Det \u00e4r inga st\u00f6rre skador mer att den k\u00f6rt fast i sn\u00f6n, s\u00e4ger larmoperat\u00f6r Daniel Ferner. <\/p>\n<\/li>\n<\/ul>\n<p>Visa fler inl\u00e4gg<\/p>\n","protected":false},"excerpt":{"rendered":"share-arrowDela unsaveSpara expand-left helsk\u00e4rmJuni B\u00e5genholm klarade uppk\u00f6rningen trots sn\u00f6kaoset. Foto: Trafikskolan Maria B Vissa h\u00f6ll sig hemma i&hellip;\n","protected":false},"author":2,"featured_media":130051,"comment_status":"","ping_status":"","sticky":false,"template":"","format":"standard","meta":{"footnotes":""},"categories":[12],"tags":[22,23,26,27,17,21,24,25,28,29,15,16,18,34,31,33,32,30,19,20],"class_list":{"0":"post-130050","1":"post","2":"type-post","3":"status-publish","4":"format-standard","5":"has-post-thumbnail","7":"category-sverige","8":"tag-breaking-news","9":"tag-breakingnews","10":"tag-featured-news","11":"tag-featurednews","12":"tag-headlines","13":"tag-huvudnyheter","14":"tag-latest-news","15":"tag-latestnews","16":"tag-main-news","17":"tag-mainnews","18":"tag-news","19":"tag-nyheter","20":"tag-rubriker","21":"tag-se","22":"tag-svenska","23":"tag-sverige","24":"tag-sweden","25":"tag-swedish","26":"tag-top-stories","27":"tag-topstories"},"share_on_mastodon":{"url":"https:\/\/pubeurope.com\/@se\/115861774985266235","error":""},"_links":{"self":[{"href":"https:\/\/www.europesays.com\/se\/wp-json\/wp\/v2\/posts\/130050","targetHints":{"allow":["GET"]}}],"collection":[{"href":"https:\/\/www.europesays.com\/se\/wp-json\/wp\/v2\/posts"}],"about":[{"href":"https:\/\/www.europesays.com\/se\/wp-json\/wp\/v2\/types\/post"}],"author":[{"embeddable":true,"href":"https:\/\/www.europesays.com\/se\/wp-json\/wp\/v2\/users\/2"}],"replies":[{"embeddable":true,"href":"https:\/\/www.europesays.com\/se\/wp-json\/wp\/v2\/comments?post=130050"}],"version-history":[{"count":0,"href":"https:\/\/www.europesays.com\/se\/wp-json\/wp\/v2\/posts\/130050\/revisions"}],"wp:featuredmedia":[{"embeddable":true,"href":"https:\/\/www.europesays.com\/se\/wp-json\/wp\/v2\/media\/130051"}],"wp:attachment":[{"href":"https:\/\/www.europesays.com\/se\/wp-json\/wp\/v2\/media?parent=130050"}],"wp:term":[{"taxonomy":"category","embeddable":true,"href":"https:\/\/www.europesays.com\/se\/wp-json\/wp\/v2\/categories?post=130050"},{"taxonomy":"post_tag","embeddable":true,"href":"https:\/\/www.europesays.com\/se\/wp-json\/wp\/v2\/tags?post=130050"}],"curies":[{"name":"wp","href":"https:\/\/api.w.org\/{rel}","templated":true}]}}