{"id":130056,"date":"2026-01-08T22:19:22","date_gmt":"2026-01-08T22:19:22","guid":{"rendered":"https:\/\/www.europesays.com\/se\/130056\/"},"modified":"2026-01-08T22:19:22","modified_gmt":"2026-01-08T22:19:22","slug":"logistik-och-servicecenter-som-arbetsplats-region-jonkopings-lan","status":"publish","type":"post","link":"https:\/\/www.europesays.com\/se\/130056\/","title":{"rendered":"Logistik och servicecenter som arbetsplats, Region J\u00f6nk\u00f6pings l\u00e4n"},"content":{"rendered":"<p>Logistik och servicecenter samlar st\u00f6dverksamheter f\u00f6r materialf\u00f6rs\u00f6rjning, transporter, fordonsuthyrning, vaktm\u00e4steri och ansvar f\u00f6r regionens b\u00e5rhus. Verksamheten omfattar \u00e4ven kontaktcenter och sjukhussamordning. Syftet \u00e4r att skapa effektiva fl\u00f6den och h\u00f6g tillg\u00e4nglighet f\u00f6r v\u00e5rdpersonal och inv\u00e5nare.<\/p>\n<p>                L\u00e4nstransporter<\/p>\n<p>Vi ansvarar f\u00f6r godstransporter, huvudsakligen inom Region J\u00f6nk\u00f6pings l\u00e4n, samt f\u00f6r intern biluthyrning och f\u00f6rs\u00f6rjer Region J\u00f6nk\u00f6ping l\u00e4ns verksamheter med l\u00e5ngtidshyrda fordon.<\/p>\n<ul>\n<li>Vi \u00e4r 20 medarbetare.<\/li>\n<li>Vi \u00e4r bilf\u00f6rare, fordonsansvariga, kundmottagare och chef.<\/li>\n<li>V\u00e5ra 12 budbilar bes\u00f6ker regionens samtliga verksamheter varje vardag.<\/li>\n<li>Vi har totalt 90 poolbilar f\u00f6r dagsuthyrning i J\u00f6nk\u00f6ping (Ryhov och Rosenlund), N\u00e4ssj\u00f6, Eksj\u00f6 och V\u00e4rnamo.<\/li>\n<li>Vi har dessutom cirka 270 verksamhetsbilar p\u00e5 l\u00e5ngtidsuthyrning under minst 36 m\u00e5nader.<\/li>\n<li>Vi utg\u00e5r fr\u00e5n J\u00f6nk\u00f6ping men jobbar region\u00f6vergripande.<\/li>\n<li>Region J\u00f6nk\u00f6pings l\u00e4ns drivmedelsstrategin \u00e4r v\u00e4gledande i allt vi g\u00f6r.<\/li>\n<li>Vi har n\u00e5tt m\u00e5let med minst 50 procent biogasfordon i bilpoolen.<\/li>\n<li>Utbyggnad av laddinfrastruktur ger oss m\u00f6jlighet att st\u00e4lla om till minst 30 % elfordon inom tre \u00e5r.<\/li>\n<\/ul>\n<p>Materialf\u00f6rs\u00f6rjning<\/p>\n<p>Vi driver ett lager i egen regi som ger en stor trygghet i varuf\u00f6rs\u00f6rjningsprocessen. V\u00e5rt fokus \u00e4r s\u00e4kra leveranser och h\u00f6g service.<\/p>\n<ul>\n<li>Vi oms\u00e4tter cirka 300 miljoner kronor.<\/li>\n<li>Vi har cirka 5000 avtalade produkter p\u00e5 v\u00e5rt interna lager.<\/li>\n<\/ul>\n<p>Kontaktcenter<\/p>\n<p>Vi \u00e4r ambassad\u00f6rer som f\u00f6renklar kontakten f\u00f6r inv\u00e5narna med regionens olika verksamheter. Kontaktcenter hj\u00e4lper \u00e4ven inv\u00e5narna att sp\u00e4rra och f\u00f6rsegla sina journaler, st\u00f6dja anv\u00e4ndningen av E-tj\u00e4nster, svara p\u00e5 fr\u00e5gor\u00a0som r\u00f6r Region J\u00f6nk\u00f6pings l\u00e4ns verksamheter, s\u00f6ka olika jourer, administrera SMS-p\u00e5minnelser, med mera.<\/p>\n<p><strong>Servicecenter<\/strong><\/p>\n<p><strong>Servicecenter<\/strong> underl\u00e4ttar vardagen f\u00f6r den som arbetar p\u00e5 sjukhusen eller bes\u00f6ker sjukhusen som patient eller n\u00e4rst\u00e5ende. Inom servicecenters ansvar ligger till exempel patientinformation, konferensservice, personalklubb, ID-foto och annan fotografering, samt \u00e4ven R\u00f6da kors-v\u00e4rdar och sjukhuskyrka.<br \/><strong>\u00a0<\/strong><\/p>\n<p><strong>Lokal samordning <\/strong>Sjukhusst\u00f6ds medarbetare inom lokal samordning ansvarar f\u00f6r att h\u00e5lla samman s\u00e5dant som r\u00f6r sk\u00f6tsel, inneh\u00e5ll och utveckling av de allm\u00e4nna ytorna p\u00e5 sjukhusen och i vissa andra av Region J\u00f6nk\u00f6pings l\u00e4ns verksamheter. Ett exempel p\u00e5 en allm\u00e4n yta \u00e4r sjukhusentr\u00e9n eller med andra ord en yta som inte ligger inom en specifik verksamhets v\u00e4ggar. De lokala samordnarna h\u00e5ller ocks\u00e5 i regelbundna m\u00f6ten med representanter f\u00f6r verksamheterna och regionfastigheter f\u00f6r att f\u00e5nga upp behov.<\/p>\n<ul>\n<li>I samverkan med kund samordnar vi service och lokalfr\u00e5gor p\u00e5 sjukhusen. Vi utf\u00e4rdar SITHS-kort samt koordinerar och leder verksamhetsflyttar.<\/li>\n<li>Vi tillhandah\u00e5ller allm\u00e4nna konferensrum samt ger service \u00e5t bes\u00f6kare p\u00e5 sjukhusen.<\/li>\n<li>Vi ansvarar f\u00f6r m\u00f6belf\u00f6rr\u00e5det som ett led i h\u00e5llbar utveckling och arrangerar aktiviteter med mera till Region J\u00f6nk\u00f6pings l\u00e4ns medarbetare.<\/li>\n<li>Vi \u00e4r flyttkoordinator, flyttledare, lokala samordnare, teamledare, administrativa assistenter\/samordnare och chefer.<\/li>\n<li>V\u00e5ra medarbetare har sina arbetsplatser p\u00e5 Region J\u00f6nk\u00f6pings l\u00e4ns tre sjukhus i Eksj\u00f6, J\u00f6nk\u00f6ping och V\u00e4rnamo.<\/li>\n<\/ul>\n<p><a href=\"https:\/\/www.rjl.se\/jobb-och-karriar\/arbetsplatser-i-region-jonkopings-lan\/verksamhetsstod-och-service-som-arbetsplats\/\" rel=\"nofollow noopener\" target=\"_blank\">\u00d6vergripande om Verksamhetsst\u00f6d och service som arbetsplats<\/a><\/p>\n","protected":false},"excerpt":{"rendered":"Logistik och servicecenter samlar st\u00f6dverksamheter f\u00f6r materialf\u00f6rs\u00f6rjning, transporter, fordonsuthyrning, vaktm\u00e4steri och ansvar f\u00f6r regionens b\u00e5rhus. Verksamheten omfattar \u00e4ven&hellip;\n","protected":false},"author":2,"featured_media":130057,"comment_status":"","ping_status":"","sticky":false,"template":"","format":"standard","meta":{"footnotes":""},"categories":[12],"tags":[22,23,26,27,17,21,24,25,28,29,15,16,18,34,31,33,32,30,19,20],"class_list":{"0":"post-130056","1":"post","2":"type-post","3":"status-publish","4":"format-standard","5":"has-post-thumbnail","7":"category-sverige","8":"tag-breaking-news","9":"tag-breakingnews","10":"tag-featured-news","11":"tag-featurednews","12":"tag-headlines","13":"tag-huvudnyheter","14":"tag-latest-news","15":"tag-latestnews","16":"tag-main-news","17":"tag-mainnews","18":"tag-news","19":"tag-nyheter","20":"tag-rubriker","21":"tag-se","22":"tag-svenska","23":"tag-sverige","24":"tag-sweden","25":"tag-swedish","26":"tag-top-stories","27":"tag-topstories"},"share_on_mastodon":{"url":"https:\/\/pubeurope.com\/@se\/115861806338131928","error":""},"_links":{"self":[{"href":"https:\/\/www.europesays.com\/se\/wp-json\/wp\/v2\/posts\/130056","targetHints":{"allow":["GET"]}}],"collection":[{"href":"https:\/\/www.europesays.com\/se\/wp-json\/wp\/v2\/posts"}],"about":[{"href":"https:\/\/www.europesays.com\/se\/wp-json\/wp\/v2\/types\/post"}],"author":[{"embeddable":true,"href":"https:\/\/www.europesays.com\/se\/wp-json\/wp\/v2\/users\/2"}],"replies":[{"embeddable":true,"href":"https:\/\/www.europesays.com\/se\/wp-json\/wp\/v2\/comments?post=130056"}],"version-history":[{"count":0,"href":"https:\/\/www.europesays.com\/se\/wp-json\/wp\/v2\/posts\/130056\/revisions"}],"wp:featuredmedia":[{"embeddable":true,"href":"https:\/\/www.europesays.com\/se\/wp-json\/wp\/v2\/media\/130057"}],"wp:attachment":[{"href":"https:\/\/www.europesays.com\/se\/wp-json\/wp\/v2\/media?parent=130056"}],"wp:term":[{"taxonomy":"category","embeddable":true,"href":"https:\/\/www.europesays.com\/se\/wp-json\/wp\/v2\/categories?post=130056"},{"taxonomy":"post_tag","embeddable":true,"href":"https:\/\/www.europesays.com\/se\/wp-json\/wp\/v2\/tags?post=130056"}],"curies":[{"name":"wp","href":"https:\/\/api.w.org\/{rel}","templated":true}]}}