{"id":130058,"date":"2026-01-08T22:20:07","date_gmt":"2026-01-08T22:20:07","guid":{"rendered":"https:\/\/www.europesays.com\/se\/130058\/"},"modified":"2026-01-08T22:20:07","modified_gmt":"2026-01-08T22:20:07","slug":"hela-iran-utan-internet-svt-nyheter","status":"publish","type":"post","link":"https:\/\/www.europesays.com\/se\/130058\/","title":{"rendered":"Hela Iran utan internet | SVT Nyheter"},"content":{"rendered":"<p>Tillg\u00e5ngen till internet i Iran har blockerats i hela landet, rapporterar Reuters som h\u00e4nvisar till organisationen Netblocks.<\/p>\n<p>Runt om i landet p\u00e5g\u00e5r just nu <a href=\"https:\/\/www.svt.se\/nyheter\/utrikes\/fortsatta-protester-i-iran-trump-varnar-regimen\" rel=\"nofollow noopener\" target=\"_blank\">stora protester<\/a> som inleddes i mellandagarna.<\/p>\n<p>Iranska myndigheter begr\u00e4nsar eller st\u00e4nger regelbundet av tillg\u00e5ngen till internet n\u00e4r demonstrationer p\u00e5g\u00e5r.<\/p>\n<p>Protesterna riktar sig bland annat mot skenande kostnader och s\u00e4nkt levnadsstandard i landet. <\/p>\n<p>\u2013 Liksom vid tidigare protester \u00e4r det ekonomin som utl\u00f6ser protesterna, men vi ser snabbt hur det utvecklas till en kritik mot regimen, s\u00e4ger SVT:s Mellan\u00f6sternkorrespondent Gilda Hamidi-Nia.<\/p>\n<p>Kristersson: Sverige f\u00f6rd\u00f6mer<\/p>\n<p>P\u00e5 torsdagskv\u00e4llen f\u00f6rd\u00f6mer statsminister Ulf Kristersson (M) den iranska regimens agerande.<\/p>\n<p>\u201dSverige f\u00f6rd\u00f6mer alla f\u00f6rs\u00f6k att sl\u00e5 ner de fredliga protesterna\u201d, skriver han p\u00e5 X och beskriver protesterna som en modig frihetskamp.<\/p>\n<p>\u201dSj\u00e4lvklara krav p\u00e5 frihet och en b\u00e4ttre framtid kan aldrig i l\u00e4ngden tystas med v\u00e5ld och f\u00f6rtryck.\u201d<\/p>\n<p>\u00d6ver 40 personer tros ha d\u00f6dats och minst 2\u00a0000 gripits, enligt TT. <\/p>\n","protected":false},"excerpt":{"rendered":"Tillg\u00e5ngen till internet i Iran har blockerats i hela landet, rapporterar Reuters som h\u00e4nvisar till organisationen Netblocks. Runt&hellip;\n","protected":false},"author":2,"featured_media":130059,"comment_status":"","ping_status":"","sticky":false,"template":"","format":"standard","meta":{"footnotes":""},"categories":[5],"tags":[22,23,26,27,17,21,24,25,28,29,15,16,18,34,31,33,32,30,19,20],"class_list":{"0":"post-130058","1":"post","2":"type-post","3":"status-publish","4":"format-standard","5":"has-post-thumbnail","7":"category-rubriker","8":"tag-breaking-news","9":"tag-breakingnews","10":"tag-featured-news","11":"tag-featurednews","12":"tag-headlines","13":"tag-huvudnyheter","14":"tag-latest-news","15":"tag-latestnews","16":"tag-main-news","17":"tag-mainnews","18":"tag-news","19":"tag-nyheter","20":"tag-rubriker","21":"tag-se","22":"tag-svenska","23":"tag-sverige","24":"tag-sweden","25":"tag-swedish","26":"tag-top-stories","27":"tag-topstories"},"share_on_mastodon":{"url":"https:\/\/pubeurope.com\/@se\/115861810232976083","error":""},"_links":{"self":[{"href":"https:\/\/www.europesays.com\/se\/wp-json\/wp\/v2\/posts\/130058","targetHints":{"allow":["GET"]}}],"collection":[{"href":"https:\/\/www.europesays.com\/se\/wp-json\/wp\/v2\/posts"}],"about":[{"href":"https:\/\/www.europesays.com\/se\/wp-json\/wp\/v2\/types\/post"}],"author":[{"embeddable":true,"href":"https:\/\/www.europesays.com\/se\/wp-json\/wp\/v2\/users\/2"}],"replies":[{"embeddable":true,"href":"https:\/\/www.europesays.com\/se\/wp-json\/wp\/v2\/comments?post=130058"}],"version-history":[{"count":0,"href":"https:\/\/www.europesays.com\/se\/wp-json\/wp\/v2\/posts\/130058\/revisions"}],"wp:featuredmedia":[{"embeddable":true,"href":"https:\/\/www.europesays.com\/se\/wp-json\/wp\/v2\/media\/130059"}],"wp:attachment":[{"href":"https:\/\/www.europesays.com\/se\/wp-json\/wp\/v2\/media?parent=130058"}],"wp:term":[{"taxonomy":"category","embeddable":true,"href":"https:\/\/www.europesays.com\/se\/wp-json\/wp\/v2\/categories?post=130058"},{"taxonomy":"post_tag","embeddable":true,"href":"https:\/\/www.europesays.com\/se\/wp-json\/wp\/v2\/tags?post=130058"}],"curies":[{"name":"wp","href":"https:\/\/api.w.org\/{rel}","templated":true}]}}