{"id":130060,"date":"2026-01-08T22:29:08","date_gmt":"2026-01-08T22:29:08","guid":{"rendered":"https:\/\/www.europesays.com\/se\/130060\/"},"modified":"2026-01-08T22:29:08","modified_gmt":"2026-01-08T22:29:08","slug":"fler-utrymmen-ska-fungera-som-skyddsrum","status":"publish","type":"post","link":"https:\/\/www.europesays.com\/se\/130060\/","title":{"rendered":"Fler utrymmen ska fungera som skyddsrum"},"content":{"rendered":"<p>Publicerad 8 jan 2026 kl 17.48Uppdaterad kl 18.10<\/p>\n<p>Om kriget bryter ut kan svenskarna beh\u00f6va ta skydd i tunnelbanestationer och v\u00e4gtunnlar.<\/p>\n<p>Nu vill regeringen sk\u00e4rpa lagen f\u00f6r att f\u00e5 till fler skyddsrum.<\/p>\n<p>\u2013 Det vore v\u00e4ldigt dumt om vi inte utnyttjade det, s\u00e4ger civilf\u00f6rsvarsminister Carl-Oskar Bohlin (M).<\/p>\n<p>Han riktar ocks\u00e5 en uppmaning till svenskarna i det p\u00e5g\u00e5ende sn\u00f6kaoset.<\/p>\n<p><img   alt=\"\"\/><\/p>\n<p>Carl-Oskar Bohlin utanf\u00f6r Igeldammsgaraget i Stockholm, som ocks\u00e5 kan fungera som skyddsrum.<\/p>\n<p>Foto: SVEN LINDWALL<\/p>\n<p>\u00d6ppna bild i helsk\u00e4rm<img loading=\"lazy\"   alt=\"\"\/><\/p>\n<p>Igeldammsgaraget.<\/p>\n<p>Foto: SVEN LINDWALL<\/p>\n<p>\u00d6ppna bild i helsk\u00e4rmArtikeln i korthet<\/p>\n<p> Regeringen vill att fler utrymmen, som tunnelbanor och garage, ska kunna anv\u00e4ndas som skyddsrum vid kris.<\/p>\n<p> F\u00f6rslaget kan ge \u00f6kat skydd f\u00f6r 1,5 miljoner m\u00e4nniskor.<\/p>\n<p> Tempot i civilt f\u00f6rsvar beh\u00f6ver \u00f6ka enligt ministern.<\/p>\n<p> Han uppmanar ocks\u00e5 de som ber\u00f6rs av sn\u00f6kaoset att f\u00f6lja myndigheternas uppmaningar.<\/p>\n<p>Visa mer<\/p>\n<p>Bredvid ett g\u00e4ng parkerade bilar har <a href=\"https:\/\/www.expressen.se\/tagg\/person\/carl-oskar-bohlin\/\" class=\"\" rel=\"nofollow noopener\" target=\"_blank\">Carl-Oskar Bohlin<\/a> (M) st\u00e4llt upp ett vitt st\u00e5bord. Nere i Igeldammsgaraget p\u00e5 Kungsholmen i Stockholm ber\u00e4ttar ministern om f\u00f6rslagen han vill se f\u00f6r ett starkare skydd f\u00f6r befolkningen.<\/p>\n<p>I h\u00e4ndelse skulle bilarna f\u00e5 maka p\u00e5 sig och garaget bli ett skyddsrum f\u00f6r upp till 1 200 personer.<\/p>\n<p>Det handlar bland annat om att uppdatera lagen s\u00e5 att fler utrymmen ska kunna fungera som skyddsrum i kris.<\/p>\n<p>En f\u00f6ruts\u00e4ttning \u00e4r att samh\u00e4llet vet var de finns, att man ser till att de kan anv\u00e4ndas, och att de omfattas av samma krav p\u00e5 iordningst\u00e4llande som skyddsrum har.<\/p>\n<p>P\u00e5 48 timmar ska utrymmen och lokaler kunna g\u00e5 att anv\u00e4nda som skydd.<\/p>\n<p>\u2013 Det kan handla om tunnelbanestationer, v\u00e4gtunnlar, eller k\u00e4llare av visst beskaffenhet. Och det vore v\u00e4ldigt dumt om vi som samh\u00e4lle inte utnyttjade det. Precis p\u00e5 samma s\u00e4tt som man har gjort i Ukraina, s\u00e4ger Carl-Oskar Bohlin.<\/p>\n<p><img loading=\"lazy\"   alt=\"\"\/><\/p>\n<p>\u201dEn till pusselbit som beh\u00f6ver komma p\u00e5 plats\u201d, s\u00e4ger Bohlin om nya f\u00f6rslaget.<\/p>\n<p>Foto: SVEN LINDWALL<\/p>\n<p>\u00d6ppna bild i helsk\u00e4rm<img loading=\"lazy\"   alt=\"\"\/><\/p>\n<p>T-banestationer, v\u00e4gtunnlar eller k\u00e4llare kan bli viktiga platser d\u00e4r svenskarna kan ta skydd i h\u00e4ndelse av krig eller kris.<\/p>\n<p>Foto: SVEN LINDWALL<\/p>\n<p>\u00d6ppna bild i helsk\u00e4rm\u201dEn till pusselbit\u201d<\/p>\n<p>F\u00f6r\u00e4ndringarna och att utrymmen som tunnelbanan f\u00e5r en s\u00e4rskild status leder enligt regeringen till ytterligare skydd f\u00f6r en och en halv miljon m\u00e4nniskor. Nu l\u00e4mnas en remiss till lagr\u00e5det som tycker till innan skarp lagstiftning kan l\u00e4ggas fram.<\/p>\n<p>\u2013 Det h\u00e4r \u00e4r en till pusselbit som beh\u00f6ver komma p\u00e5 plats f\u00f6r att forts\u00e4tta st\u00e4rka skyddet f\u00f6r civilbefolkningen i Sverige, s\u00e4ger Carl-Oskar Bohlin.<\/p>\n<p><strong>Har du ett eget skyddsrum?<\/strong><\/p>\n<p>\u2013 Jag har inget eget skyddsrum utan jag \u00e4r naturligtvis h\u00e4nvisad till att upps\u00f6ka det n\u00e4rmast tillg\u00e4ngliga skyddsrummet om det skulle beh\u00f6vas. Det \u00e4r ju s\u00e5 att ingen har ett eget skyddsrum i den bem\u00e4rkelsen att man har r\u00e4tt till en plats i ett specifikt skyddsrum utan man kanske har ett skyddsrum i n\u00e4rheten av d\u00e4r man bor eller d\u00e4r man arbetar.<\/p>\n<p><strong>Tidigare har du sagt att alla beh\u00f6ver vara med och st\u00e4rka Sveriges motst\u00e5ndskraft och att det \u00e4r br\u00e5ttom. G\u00f6r folk tillr\u00e4ckligt i dag?<\/strong><\/p>\n<p>\u2013 Min bild \u00e4r att det har h\u00e4nt och h\u00e4nder v\u00e4ldigt mycket p\u00e5 det h\u00e4r omr\u00e5det.<\/p>\n<p>F\u00f6rm\u00e5gan i alla sektorer i det civila f\u00f6rsvaret g\u00e5r tydligt fram\u00e5t, s\u00e4ger ministern, men tempot beh\u00f6ver \u00f6ka i det os\u00e4kra omv\u00e4rldsl\u00e4ge vi befinner oss i.<\/p>\n<p>\u2013 Det g\u00f6r att vi m\u00e5ste se om v\u00e5rt eget hus.<\/p>\n<p><img loading=\"lazy\"   alt=\"\"\/><\/p>\n<p>Den svenska krisberedskapen g\u00e5r fram\u00e5t \u2013 men tempot m\u00e5ste forts\u00e4tta \u00f6ka, menar Bohlin.<\/p>\n<p>Foto: SVEN LINDWALL<\/p>\n<p>\u00d6ppna bild i helsk\u00e4rm<img loading=\"lazy\"   alt=\"\"\/><\/p>\n<p>Carl-Oskar Bohlin vill att fler utrymmen ska kunna fungera som skyddsrum.<\/p>\n<p>Foto: SVEN LINDWALL<\/p>\n<p>\u00d6ppna bild i helsk\u00e4rmUppmaningen i sn\u00f6kaoset<\/p>\n<p>De senaste veckorna har pr\u00e4glats av sn\u00f6kaos och stormar p\u00e5 flera h\u00e5ll i Sverige. Under torsdagen r\u00e5der en r\u00f6d varning, den h\u00f6gsta niv\u00e5n, l\u00e4ngs delar av Norrlandskusten.<\/p>\n<p><strong>Vad vill du s\u00e4ga till de som ger sig ut i sn\u00f6ov\u00e4dret?<\/strong><\/p>\n<p>\u2013 Nej men, man ska naturligtvis aldrig bli moraliserande. Men det \u00e4r ju viktigt att f\u00f6lja rekommendationer p\u00e5 den plats man \u00e4r.<\/p>\n<p>Under dagen har VMA g\u00e5tt ut om att inte ge sig ut i vissa omr\u00e5den l\u00e4ngst Norrlandskusten.<\/p>\n<p>\u2013 Det b\u00f6r man naturligtvis, s\u00e5 l\u00e5ngt det bara \u00e4r m\u00f6jligt, lyssna till. Man har varnat f\u00f6r att risken f\u00f6r att bli stillast\u00e5ende och fastna i trafiken \u00e4r mycket \u00f6verh\u00e4ngande och d\u00e5 blir man ju genast en del av problemet om man inte m\u00e5ste ge sig ut.<\/p>\n<p>Fakta: Skyddsrum och skyddade utrymmen<\/p>\n<p>I dag finns cirka 64 000 skyddsrum i Sverige. D\u00e4r f\u00e5r cirka 7 miljoner m\u00e4nniskor plats.<\/p>\n<p>Skyddsrum m\u00e5ste kunna st\u00e5 emot tryckv\u00e5gor, splitter, joniserande str\u00e5lning, br\u00e5te fr\u00e5n raserade hus, och brand.\u00a0<\/p>\n<p>Ett skyddat utrymme ska vara utrustat f\u00f6r att ge sk\u00e4ligt skydd mot verkningar av stridsmedel som kan antas komma till anv\u00e4ndning i krig, s\u00e5 som bomber och granatbeskjutning.<\/p>\n<p>Visa mer<img alt=\"\"\/>Ljudklippet gick inte att spela upp<\/p>\n<p>F\u00f6rs\u00f6k igen senare<\/p>\n","protected":false},"excerpt":{"rendered":"Publicerad 8 jan 2026 kl 17.48Uppdaterad kl 18.10 Om kriget bryter ut kan svenskarna beh\u00f6va ta skydd i&hellip;\n","protected":false},"author":2,"featured_media":130061,"comment_status":"","ping_status":"","sticky":false,"template":"","format":"standard","meta":{"footnotes":""},"categories":[5],"tags":[22,23,26,27,17,21,24,25,28,29,15,16,43,2970,18,34,583,31,33,32,30,19,60,5978,20],"class_list":{"0":"post-130060","1":"post","2":"type-post","3":"status-publish","4":"format-standard","5":"has-post-thumbnail","7":"category-rubriker","8":"tag-breaking-news","9":"tag-breakingnews","10":"tag-featured-news","11":"tag-featurednews","12":"tag-headlines","13":"tag-huvudnyheter","14":"tag-latest-news","15":"tag-latestnews","16":"tag-main-news","17":"tag-mainnews","18":"tag-news","19":"tag-nyheter","20":"tag-organization-regeringen","21":"tag-person-carl-oskar-bohlin","22":"tag-rubriker","23":"tag-se","24":"tag-sections-politik","25":"tag-svenska","26":"tag-sverige","27":"tag-sweden","28":"tag-swedish","29":"tag-top-stories","30":"tag-topic-krig-konflikt","31":"tag-topic-krisberedskap","32":"tag-topstories"},"share_on_mastodon":{"url":"https:\/\/pubeurope.com\/@se\/115861845658363875","error":""},"_links":{"self":[{"href":"https:\/\/www.europesays.com\/se\/wp-json\/wp\/v2\/posts\/130060","targetHints":{"allow":["GET"]}}],"collection":[{"href":"https:\/\/www.europesays.com\/se\/wp-json\/wp\/v2\/posts"}],"about":[{"href":"https:\/\/www.europesays.com\/se\/wp-json\/wp\/v2\/types\/post"}],"author":[{"embeddable":true,"href":"https:\/\/www.europesays.com\/se\/wp-json\/wp\/v2\/users\/2"}],"replies":[{"embeddable":true,"href":"https:\/\/www.europesays.com\/se\/wp-json\/wp\/v2\/comments?post=130060"}],"version-history":[{"count":0,"href":"https:\/\/www.europesays.com\/se\/wp-json\/wp\/v2\/posts\/130060\/revisions"}],"wp:featuredmedia":[{"embeddable":true,"href":"https:\/\/www.europesays.com\/se\/wp-json\/wp\/v2\/media\/130061"}],"wp:attachment":[{"href":"https:\/\/www.europesays.com\/se\/wp-json\/wp\/v2\/media?parent=130060"}],"wp:term":[{"taxonomy":"category","embeddable":true,"href":"https:\/\/www.europesays.com\/se\/wp-json\/wp\/v2\/categories?post=130060"},{"taxonomy":"post_tag","embeddable":true,"href":"https:\/\/www.europesays.com\/se\/wp-json\/wp\/v2\/tags?post=130060"}],"curies":[{"name":"wp","href":"https:\/\/api.w.org\/{rel}","templated":true}]}}