{"id":130062,"date":"2026-01-08T22:37:17","date_gmt":"2026-01-08T22:37:17","guid":{"rendered":"https:\/\/www.europesays.com\/se\/130062\/"},"modified":"2026-01-08T22:37:17","modified_gmt":"2026-01-08T22:37:17","slug":"lagre-inflation-i-december-foretagarna","status":"publish","type":"post","link":"https:\/\/www.europesays.com\/se\/130062\/","title":{"rendered":"L\u00e4gre inflation i december &#8211; F\u00f6retagarna"},"content":{"rendered":"<p class=\"article-publishedDate\">&#13;<br \/>\n                            Publicerad 8 jan. 2026&#13;\n                        <\/p>\n<p class=\"article-preamble\">&#13;<br \/>\n                            Inflationen fortsatte att sjunka under det g\u00e5nga \u00e5rets sista m\u00e5nad. &#13;\n                        <\/p>\n<p>P\u00e5 torsdagen presenterade Statistiska centralbyr\u00e5n (SCB) prelimin\u00e4r statistik \u00f6ver prisutvecklingen i december. Den visar p\u00e5 n\u00e5got l\u00e4gre inflation \u00e4n vad b\u00e5de Riksbanken pekade p\u00e5 i sin prognos i december och vad m\u00e5nga ekonomer hade f\u00f6rv\u00e4ntat sig.<\/p>\n<p>Inflationen i december var enligt snabb-KPI 0,3 procent i \u00e5rstakt, vilket \u00e4r of\u00f6r\u00e4ndrat sedan november. Den m\u00e5natliga f\u00f6r\u00e4ndringen i konsumentprisindex (KPI) fr\u00e5n november till december var 0,0 procent.<\/p>\n<p>Enligt det m\u00e5tt p\u00e5 prisf\u00f6r\u00e4ndringar som Riksbanken anv\u00e4nder som m\u00e5lvariabel f\u00f6r styrr\u00e4ntan \u2013 konsumentprisindex med fast r\u00e4nta (KPIF) \u2013 sj\u00f6nk inflationen i \u00e5rstakt till 2,1 procent i december, fr\u00e5n att ha varit 2,3 procent i november. Den m\u00e5natliga f\u00f6r\u00e4ndringen fr\u00e5n november till december var enligt KPIF 0,1 procent.<\/p>\n<p>Enligt de prelimin\u00e4ra uppgifterna var den s\u00e5 kallade k\u00e4rninflationen, KPIF-XE (KPIF exklusive energi) 2,3 procent i december, i \u00e5rstakt, ned fr\u00e5n 2,4 procent i november. Den m\u00e5natliga f\u00f6r\u00e4ndringen fr\u00e5n november till december var enligt KPIF-XE 0,3 procent.<\/p>\n<p>SCB sl\u00e4pper snabb-KPI fem arbetsdagar innan den officiella publiceringen av inflationen. Mer detaljerad information om prisutvecklingen i december kommer att finnas i de definitiva siffrorna som SCB presenterar 15 januari.<\/p>\n","protected":false},"excerpt":{"rendered":"&#13; Publicerad 8 jan. 2026&#13; &#13; Inflationen fortsatte att sjunka under det g\u00e5nga \u00e5rets sista m\u00e5nad. &#13; P\u00e5&hellip;\n","protected":false},"author":2,"featured_media":130063,"comment_status":"","ping_status":"","sticky":false,"template":"","format":"standard","meta":{"footnotes":""},"categories":[5],"tags":[22,23,26,27,17,21,24,25,28,29,15,16,18,34,31,33,32,30,19,20],"class_list":{"0":"post-130062","1":"post","2":"type-post","3":"status-publish","4":"format-standard","5":"has-post-thumbnail","7":"category-rubriker","8":"tag-breaking-news","9":"tag-breakingnews","10":"tag-featured-news","11":"tag-featurednews","12":"tag-headlines","13":"tag-huvudnyheter","14":"tag-latest-news","15":"tag-latestnews","16":"tag-main-news","17":"tag-mainnews","18":"tag-news","19":"tag-nyheter","20":"tag-rubriker","21":"tag-se","22":"tag-svenska","23":"tag-sverige","24":"tag-sweden","25":"tag-swedish","26":"tag-top-stories","27":"tag-topstories"},"share_on_mastodon":{"url":"https:\/\/pubeurope.com\/@se\/115861877084888600","error":""},"_links":{"self":[{"href":"https:\/\/www.europesays.com\/se\/wp-json\/wp\/v2\/posts\/130062","targetHints":{"allow":["GET"]}}],"collection":[{"href":"https:\/\/www.europesays.com\/se\/wp-json\/wp\/v2\/posts"}],"about":[{"href":"https:\/\/www.europesays.com\/se\/wp-json\/wp\/v2\/types\/post"}],"author":[{"embeddable":true,"href":"https:\/\/www.europesays.com\/se\/wp-json\/wp\/v2\/users\/2"}],"replies":[{"embeddable":true,"href":"https:\/\/www.europesays.com\/se\/wp-json\/wp\/v2\/comments?post=130062"}],"version-history":[{"count":0,"href":"https:\/\/www.europesays.com\/se\/wp-json\/wp\/v2\/posts\/130062\/revisions"}],"wp:featuredmedia":[{"embeddable":true,"href":"https:\/\/www.europesays.com\/se\/wp-json\/wp\/v2\/media\/130063"}],"wp:attachment":[{"href":"https:\/\/www.europesays.com\/se\/wp-json\/wp\/v2\/media?parent=130062"}],"wp:term":[{"taxonomy":"category","embeddable":true,"href":"https:\/\/www.europesays.com\/se\/wp-json\/wp\/v2\/categories?post=130062"},{"taxonomy":"post_tag","embeddable":true,"href":"https:\/\/www.europesays.com\/se\/wp-json\/wp\/v2\/tags?post=130062"}],"curies":[{"name":"wp","href":"https:\/\/api.w.org\/{rel}","templated":true}]}}