{"id":130066,"date":"2026-01-08T22:45:21","date_gmt":"2026-01-08T22:45:21","guid":{"rendered":"https:\/\/www.europesays.com\/se\/130066\/"},"modified":"2026-01-08T22:45:21","modified_gmt":"2026-01-08T22:45:21","slug":"kvinna-haktad-misstankt-for-mord","status":"publish","type":"post","link":"https:\/\/www.europesays.com\/se\/130066\/","title":{"rendered":"Kvinna h\u00e4ktad misst\u00e4nkt f\u00f6r mord"},"content":{"rendered":"<p>share-arrowDela<\/p>\n<p>unsaveSpara<\/p>\n<p>expand-left<\/p>\n<p>helsk\u00e4rm<img decoding=\"async\" class=\"image-asset hyperion-css-u06ts1\" data-test-tag=\"image-asset\" src=\"https:\/\/www.europesays.com\/se\/wp-content\/uploads\/2026\/01\/ad380b45-929f-4686-bff5-3e0e0cda270f.jpeg\"  alt=\"En kvinna har h\u00e4ktats misst\u00e4nkt f\u00f6r mord. Arkivbild.\"  loading=\"eager\" fetchpriority=\"high\" style=\"aspect-ratio:1900 \/ 1291\"\/>En kvinna har h\u00e4ktats misst\u00e4nkt f\u00f6r mord. Arkivbild. Foto: Johan Nilsson\/TT<\/p>\n<p class=\"hyperion-css-1shl3oz\" data-test-tag=\"lead-text\">En kvinna i 50-\u00e5rs\u00e5ldern har h\u00e4ktats misst\u00e4nkt f\u00f6r ett mord i Norberg i V\u00e4stmanland, rapporterar Fagersta-Posten.<\/p>\n<p class=\"hyperion-css-1v9qo5x\">I l\u00f6rdags kv\u00e4ll hittades en \u00e4ldre kvinna d\u00f6d inomhus. Det var en granne som larmat polisen.<\/p>\n<p class=\"hyperion-css-1v9qo5x\">Senare samma kv\u00e4ll greps den misst\u00e4nkta kvinnan. Hon h\u00e4ktades i onsdags p\u00e5 sannolika sk\u00e4l misst\u00e4nkt f\u00f6r mord. Kvinnan f\u00f6rnekar brott.<\/p>\n<p class=\"hyperion-css-1v9qo5x\">Polisen och \u00e5klagaren v\u00e4ntar nu bland annat p\u00e5 besked fr\u00e5n r\u00e4ttsl\u00e4karen om d\u00f6dsorsaken.<\/p>\n<p class=\"hyperion-css-1v9qo5x\">\u2013 Vi ska f\u00f6rs\u00f6ka fastsl\u00e5 mer vad som har h\u00e4nt, det v\u00e4ntar f\u00f6rh\u00f6r och \u00e4ven tekniska \u00e5tg\u00e4rder, s\u00e4ger \u00e5klagaren Fredrik Ingblad till tidningen.<\/p>\n","protected":false},"excerpt":{"rendered":"share-arrowDela unsaveSpara expand-left helsk\u00e4rmEn kvinna har h\u00e4ktats misst\u00e4nkt f\u00f6r mord. Arkivbild. Foto: Johan Nilsson\/TT En kvinna i 50-\u00e5rs\u00e5ldern&hellip;\n","protected":false},"author":2,"featured_media":130067,"comment_status":"","ping_status":"","sticky":false,"template":"","format":"standard","meta":{"footnotes":""},"categories":[5],"tags":[22,23,26,27,17,21,24,25,28,29,15,16,18,34,31,33,32,30,19,20],"class_list":{"0":"post-130066","1":"post","2":"type-post","3":"status-publish","4":"format-standard","5":"has-post-thumbnail","7":"category-rubriker","8":"tag-breaking-news","9":"tag-breakingnews","10":"tag-featured-news","11":"tag-featurednews","12":"tag-headlines","13":"tag-huvudnyheter","14":"tag-latest-news","15":"tag-latestnews","16":"tag-main-news","17":"tag-mainnews","18":"tag-news","19":"tag-nyheter","20":"tag-rubriker","21":"tag-se","22":"tag-svenska","23":"tag-sverige","24":"tag-sweden","25":"tag-swedish","26":"tag-top-stories","27":"tag-topstories"},"share_on_mastodon":{"url":"https:\/\/pubeurope.com\/@se\/115861908545442861","error":""},"_links":{"self":[{"href":"https:\/\/www.europesays.com\/se\/wp-json\/wp\/v2\/posts\/130066","targetHints":{"allow":["GET"]}}],"collection":[{"href":"https:\/\/www.europesays.com\/se\/wp-json\/wp\/v2\/posts"}],"about":[{"href":"https:\/\/www.europesays.com\/se\/wp-json\/wp\/v2\/types\/post"}],"author":[{"embeddable":true,"href":"https:\/\/www.europesays.com\/se\/wp-json\/wp\/v2\/users\/2"}],"replies":[{"embeddable":true,"href":"https:\/\/www.europesays.com\/se\/wp-json\/wp\/v2\/comments?post=130066"}],"version-history":[{"count":0,"href":"https:\/\/www.europesays.com\/se\/wp-json\/wp\/v2\/posts\/130066\/revisions"}],"wp:featuredmedia":[{"embeddable":true,"href":"https:\/\/www.europesays.com\/se\/wp-json\/wp\/v2\/media\/130067"}],"wp:attachment":[{"href":"https:\/\/www.europesays.com\/se\/wp-json\/wp\/v2\/media?parent=130066"}],"wp:term":[{"taxonomy":"category","embeddable":true,"href":"https:\/\/www.europesays.com\/se\/wp-json\/wp\/v2\/categories?post=130066"},{"taxonomy":"post_tag","embeddable":true,"href":"https:\/\/www.europesays.com\/se\/wp-json\/wp\/v2\/tags?post=130066"}],"curies":[{"name":"wp","href":"https:\/\/api.w.org\/{rel}","templated":true}]}}