{"id":130074,"date":"2026-01-08T22:55:11","date_gmt":"2026-01-08T22:55:11","guid":{"rendered":"https:\/\/www.europesays.com\/se\/130074\/"},"modified":"2026-01-08T22:55:11","modified_gmt":"2026-01-08T22:55:11","slug":"inget-os-for-jens-burman-skitsasong-langdskidor","status":"publish","type":"post","link":"https:\/\/www.europesays.com\/se\/130074\/","title":{"rendered":"Inget OS f\u00f6r Jens Burman: \u201dSkits\u00e4song\u201d | L\u00e4ngdskidor"},"content":{"rendered":"<p>Publicerad 8 jan 2026 kl 16.26Uppdaterad kl 19.29<\/p>\n<p><img   alt=\"\"\/><\/p>\n<p>Jens Burman.<\/p>\n<p>Foto: MAXIM THORE \/ BILDBYR\u00c5N<\/p>\n<p>\u00d6ppna bild i helsk\u00e4rm<img loading=\"lazy\"   alt=\"\"\/> <\/p>\n<p>Foto: MAXIM THORE \/ BILDBYR\u00c5N<\/p>\n<p>\u00d6ppna bild i helsk\u00e4rmArtikeln i korthet<\/p>\n<p> Jens Burman missar OS efter sjukdom och uteblivna t\u00e4vlingar.<\/p>\n<p> F\u00f6rsta m\u00e4sterskapet p\u00e5 nio \u00e5r som han inte deltar i.<\/p>\n<p> F\u00f6ljer nu m\u00e4sterskapet fr\u00e5n soffan: \u201dDet blir speciellt\u201d<\/p>\n<p>Visa mer<\/p>\n<p>Efter en mardr\u00f6msvinter hade Jens Burman tv\u00e5 livlinor kvar f\u00f6r att ta sig till vinter-OS. F\u00f6rst skandinaviska cupen i Finland efter ny\u00e5r, sedan nationella cupen i Falun som avg\u00f6rs nu till helgen.\u00a0<\/p>\n<p>Men precis efter jul h\u00e4nde det som inte fick h\u00e4nda. Han blev sjuk.<\/p>\n<p>\u2013 En klassisk f\u00f6rkylning med halsont, s\u00e4ger Burman.<\/p>\n<p>Det blev ingen start i Finland \u2013 och det blir inga t\u00e4vlingar i Falun i helgen heller.<\/p>\n<p>\u2013 Jag \u00e4r frisk men har inte kommit i g\u00e5ng med tr\u00e4ningen \u00e4n.<\/p>\n<p>D\u00e4rmed st\u00e4nger Jens Burman d\u00f6rren f\u00f6r OS. De sista platserna i herrlaget presenteras f\u00f6rst 20 januari men 31-\u00e5ringen \u00e4r s\u00e4ker p\u00e5 att han inte kommer vara med d\u00e4r.<\/p>\n<p>\u2013 Det v\u00e5gar jag sl\u00e5 fast. Det finns inga andra uttagningst\u00e4vlingar f\u00f6r mig i n\u00e4rtid, s\u00e4ger Burman.<\/p>\n<p><strong>Hur k\u00e4nns det?<\/strong><\/p>\n<p>\u2013 Det \u00e4r klart att det \u00e4r tr\u00e5kigt, men det \u00e4r bara att acceptera. Vad ska man g\u00f6ra?\u00a0<\/p>\n<p>Missar f\u00f6rsta m\u00e4sterskapet p\u00e5 nio \u00e5r<\/p>\n<p>Jens Burman inledde s\u00e4songen med en 22:a och en 29:e plats i nationella premi\u00e4ren i G\u00e4llivare. Han petades fr\u00e5n v\u00e4rldscupen och f\u00f6ljde upp mardr\u00f6msstarten med resultatraden 47, 24, 15, 47, 65 under cupt\u00e4vlingarna i Boden och \u00d6stersund.<\/p>\n<p>\u2013 Det har varit exceptionellt d\u00e5liga resultat med tanke p\u00e5 hur det k\u00e4nts under h\u00f6sten. Det \u00e4r f\u00f6rbryllande. P\u00e5 n\u00e5gra t\u00e4vlingar har skidorna inte varit tillr\u00e4ckligt bra, men det \u00e4r inte hela sanningen.<\/p>\n<p>Jens Burman konstaterar krasst:<\/p>\n<p>\u2013 Just nu spelar det ingen roll vad man g\u00f6r f\u00f6r analys.<\/p>\n<p><strong>Vad h\u00e4nder nu f\u00f6r dig?<\/strong><\/p>\n<p>\u2013 Det \u00e4r bara att komma i g\u00e5ng, sikta p\u00e5 n\u00e5gon annan v\u00e4rldscup i vinter och g\u00f6ra n\u00e5got bra d\u00e4r.<\/p>\n<p>Jens Burman m\u00e4sterskapsdebuterade under VM i Lahtis 2017 och har sedan dess inte missat n\u00e5got OS eller VM. I fjol tog han karri\u00e4rens f\u00f6rsta m\u00e4sterskapsmedalj, ett VM-brons i stafett.<\/p>\n<p>Nu f\u00e5r han f\u00f6r f\u00f6rsta g\u00e5ngen p\u00e5 nio \u00e5r se ett m\u00e4sterskap fr\u00e5n soffan.<\/p>\n<p>\u2013 Man ser ju mer i alla fall, s\u00e5 p\u00e5 s\u00e5 s\u00e4tt \u00e4r det sk\u00f6nt. Jag f\u00e5r f\u00f6lja det fr\u00e5n tv:n och pl\u00e5ga mig sj\u00e4lv. Det blir speciellt.\u00a0<\/p>\n<p><a href=\"https:\/\/livesport.expressen.se\/sv\/skidsport\" rel=\"nofollow noopener\" target=\"_blank\">\u00c4ven utan Jens Burman blir det stj\u00e4rnfyllda t\u00e4vlingar i Falun i helgen. Calle Halfvarsson, Linn Svahn och Jonna Sundling \u00e4r n\u00e5gra av \u00e5karna som st\u00e5r p\u00e5 startlinjen. Allt s\u00e4nds p\u00e5 Expressen.<\/a>\u00a0<\/p>\n","protected":false},"excerpt":{"rendered":"Publicerad 8 jan 2026 kl 16.26Uppdaterad kl 19.29 Jens Burman. Foto: MAXIM THORE \/ BILDBYR\u00c5N \u00d6ppna bild i&hellip;\n","protected":false},"author":2,"featured_media":130075,"comment_status":"","ping_status":"","sticky":false,"template":"","format":"standard","meta":{"footnotes":""},"categories":[68],"tags":[34,857,111,110,31,33,32,30],"class_list":{"0":"post-130074","1":"post","2":"type-post","3":"status-publish","4":"format-standard","5":"has-post-thumbnail","7":"category-sport","8":"tag-se","9":"tag-sections-langdskidor","10":"tag-sport","11":"tag-sports","12":"tag-svenska","13":"tag-sverige","14":"tag-sweden","15":"tag-swedish"},"share_on_mastodon":{"url":"https:\/\/pubeurope.com\/@se\/115861947848179665","error":""},"_links":{"self":[{"href":"https:\/\/www.europesays.com\/se\/wp-json\/wp\/v2\/posts\/130074","targetHints":{"allow":["GET"]}}],"collection":[{"href":"https:\/\/www.europesays.com\/se\/wp-json\/wp\/v2\/posts"}],"about":[{"href":"https:\/\/www.europesays.com\/se\/wp-json\/wp\/v2\/types\/post"}],"author":[{"embeddable":true,"href":"https:\/\/www.europesays.com\/se\/wp-json\/wp\/v2\/users\/2"}],"replies":[{"embeddable":true,"href":"https:\/\/www.europesays.com\/se\/wp-json\/wp\/v2\/comments?post=130074"}],"version-history":[{"count":0,"href":"https:\/\/www.europesays.com\/se\/wp-json\/wp\/v2\/posts\/130074\/revisions"}],"wp:featuredmedia":[{"embeddable":true,"href":"https:\/\/www.europesays.com\/se\/wp-json\/wp\/v2\/media\/130075"}],"wp:attachment":[{"href":"https:\/\/www.europesays.com\/se\/wp-json\/wp\/v2\/media?parent=130074"}],"wp:term":[{"taxonomy":"category","embeddable":true,"href":"https:\/\/www.europesays.com\/se\/wp-json\/wp\/v2\/categories?post=130074"},{"taxonomy":"post_tag","embeddable":true,"href":"https:\/\/www.europesays.com\/se\/wp-json\/wp\/v2\/tags?post=130074"}],"curies":[{"name":"wp","href":"https:\/\/api.w.org\/{rel}","templated":true}]}}