{"id":130084,"date":"2026-01-08T23:19:17","date_gmt":"2026-01-08T23:19:17","guid":{"rendered":"https:\/\/www.europesays.com\/se\/130084\/"},"modified":"2026-01-08T23:19:17","modified_gmt":"2026-01-08T23:19:17","slug":"det-ar-bara-att-acceptera","status":"publish","type":"post","link":"https:\/\/www.europesays.com\/se\/130084\/","title":{"rendered":"\u201dDet \u00e4r bara att acceptera\u201d"},"content":{"rendered":"<p>Jens Burman, som t\u00e4vlade f\u00f6r Sverige i OS 2018 och 2022, missar de olympiska spelen i Italien i februari. Det s\u00e4ger l\u00e4ngdskid\u00e5karen sj\u00e4lv till Expressen. <\/p>\n<p>\u2013 Det \u00e4r klart att det \u00e4r tr\u00e5kigt, men det \u00e4r bara att acceptera. <\/p>\n<p>Burman hade siktet inst\u00e4llt p\u00e5 att jaga en OS-plats vid skandinaviska cupen i Finland i b\u00f6rjan av \u00e5ret och helgens nationella cup i Falun. Sjukdom stoppade honom fr\u00e5n t\u00e4vlingarna i Finland och 31-\u00e5ringen kommer heller inte till start i Falun. <\/p>\n<p>De sista platserna i OS-herrlaget presenteras 20 januari, men Burman \u00e4r sj\u00e4lv s\u00e4ker p\u00e5 att hans namn inte finns med p\u00e5 listan. <\/p>\n<p>Omni \u00e4r politiskt obundna och oberoende. Vi str\u00e4var efter att ge fler perspektiv p\u00e5 nyheterna. Har du fr\u00e5gor eller synpunkter kring v\u00e5r rapportering? <a href=\"https:\/\/omni.se\/burman-missar-os-det-ar-bara-att-acceptera\/a\/mailto:redaktion@omni.se\" class=\"ArticleActions_contactLink__W2F1M\" rel=\"nofollow noopener\" target=\"_blank\">Kontakta redaktionen<\/a><\/p>\n","protected":false},"excerpt":{"rendered":"Jens Burman, som t\u00e4vlade f\u00f6r Sverige i OS 2018 och 2022, missar de olympiska spelen i Italien i&hellip;\n","protected":false},"author":2,"featured_media":130085,"comment_status":"","ping_status":"","sticky":false,"template":"","format":"standard","meta":{"footnotes":""},"categories":[68],"tags":[13360,3237,34,111,110,31,33,32,30],"class_list":{"0":"post-130084","1":"post","2":"type-post","3":"status-publish","4":"format-standard","5":"has-post-thumbnail","7":"category-sport","8":"tag-jens-burman","9":"tag-langdskidor","10":"tag-se","11":"tag-sport","12":"tag-sports","13":"tag-svenska","14":"tag-sverige","15":"tag-sweden","16":"tag-swedish"},"share_on_mastodon":{"url":"https:\/\/pubeurope.com\/@se\/115862042348869652","error":""},"_links":{"self":[{"href":"https:\/\/www.europesays.com\/se\/wp-json\/wp\/v2\/posts\/130084","targetHints":{"allow":["GET"]}}],"collection":[{"href":"https:\/\/www.europesays.com\/se\/wp-json\/wp\/v2\/posts"}],"about":[{"href":"https:\/\/www.europesays.com\/se\/wp-json\/wp\/v2\/types\/post"}],"author":[{"embeddable":true,"href":"https:\/\/www.europesays.com\/se\/wp-json\/wp\/v2\/users\/2"}],"replies":[{"embeddable":true,"href":"https:\/\/www.europesays.com\/se\/wp-json\/wp\/v2\/comments?post=130084"}],"version-history":[{"count":0,"href":"https:\/\/www.europesays.com\/se\/wp-json\/wp\/v2\/posts\/130084\/revisions"}],"wp:featuredmedia":[{"embeddable":true,"href":"https:\/\/www.europesays.com\/se\/wp-json\/wp\/v2\/media\/130085"}],"wp:attachment":[{"href":"https:\/\/www.europesays.com\/se\/wp-json\/wp\/v2\/media?parent=130084"}],"wp:term":[{"taxonomy":"category","embeddable":true,"href":"https:\/\/www.europesays.com\/se\/wp-json\/wp\/v2\/categories?post=130084"},{"taxonomy":"post_tag","embeddable":true,"href":"https:\/\/www.europesays.com\/se\/wp-json\/wp\/v2\/tags?post=130084"}],"curies":[{"name":"wp","href":"https:\/\/api.w.org\/{rel}","templated":true}]}}