{"id":130110,"date":"2026-01-09T00:30:08","date_gmt":"2026-01-09T00:30:08","guid":{"rendered":"https:\/\/www.europesays.com\/se\/130110\/"},"modified":"2026-01-09T00:30:08","modified_gmt":"2026-01-09T00:30:08","slug":"elon-musks-beslut-om-bilden-pa-ebba-busch","status":"publish","type":"post","link":"https:\/\/www.europesays.com\/se\/130110\/","title":{"rendered":"Elon Musks beslut om bilden p\u00e5 Ebba Busch"},"content":{"rendered":"<p>Publicerad 8 jan 2026 kl 20.59<\/p>\n<p>Elon Musk l\u00e5ter sexualiserade bilder p\u00e5 Ebba Busch vara kvar, men d\u00f6ljer bilderna inom EU.\u00a0<\/p>\n<p>Men sexualiserade deepfakes p\u00e5 kvinnor och barn \u00e4r bara toppen av isberget, enligt forskaren Carl Heath.<\/p>\n<p>\u2013 I min bok \u00e4r X inte en plats f\u00f6r goda demokratiska samtal i dag.<\/p>\n<p>Senaste nyhetsklippen fr\u00e5n Expressen.<img   alt=\"\"\/><\/p>\n<p>Carl Heath \u00e4r seniorforskare vid det statliga forskningsinstitutet RISE.<\/p>\n<p>\u00d6ppna bild i helsk\u00e4rm<img loading=\"lazy\"   alt=\"\"\/><\/p>\n<p>Den h\u00e4r bilden anv\u00e4ndes f\u00f6r att l\u00e5ta Grok s\u00e4tta p\u00e5 henne en bikini.<\/p>\n<p>Foto: Frankie Fouganthin\/wiki<\/p>\n<p>\u00d6ppna bild i helsk\u00e4rm<img loading=\"lazy\"   alt=\"\"\/><\/p>\n<p>Elon Musk \u00e4ger X \u2013 och kan p\u00e5verka val, enligt forskaren Carl Heath.<\/p>\n<p>Foto: EVAN VUCCI \/ AP TT NYHETSBYR\u00c5N<\/p>\n<p>\u00d6ppna bild i helsk\u00e4rm<\/p>\n<p>Flera politiker riktar <a href=\"https:\/\/www.expressen.se\/nyheter\/politik\/kristerssons-stod-till-busch-efter-avkladda-fejkbilden\/\" rel=\"nofollow noopener\" target=\"_blank\">h\u00e5rd kritik <\/a>mot X och dess \u00e4gare Elon Musk \u2013 genom bland annat uttalande p\u00e5 sajten.\u00a0<\/p>\n<p>Efter kritik har sajten valt att d\u00f6lja den AI-genererade bilden p\u00e5 Kristdemokraternas partiledare <a href=\"https:\/\/www.expressen.se\/tagg\/person\/ebba-busch\/\" class=\"\" rel=\"nofollow noopener\" target=\"_blank\">Ebba Busch<\/a>. Men \u00e5tg\u00e4rden g\u00e4ller endast just den bilden och enbart inom EU. F\u00f6r anv\u00e4ndare utanf\u00f6r unionen, och n\u00e4r det g\u00e4ller andra kvinnor, \u00e4r funktionen och materialet fortsatt tillg\u00e4ngligt.<\/p>\n<p>Carl Heath \u00e4r seniorforskare vid det statliga forskningsinstitutet RISE. \u00c5r 2020 var han s\u00e4rskild utredare i en statlig offentlig utredning om demokrati i en digital tid. Bet\u00e4nkandet handlade om hur desinformation, informationsp\u00e5verkan, propaganda samt hot och hat kan motverkas.<\/p>\n<p>Han riktar kritik mot att politiker och andra makthavare v\u00e4ljer att g\u00f6ra uttalanden exklusivt p\u00e5 X.<\/p>\n<p>\u2013 Det som drabbade Ebba Busch \u00e4r i det sammanhanget toppen av isberget.<\/p>\n<p>V\u00e4rldens rikaste man manipulerar<\/p>\n<p>F\u00f6rekomsten av AI-genererad barnpornografi och manipulerade nakenbilder p\u00e5 kvinnor utan samtycke \u00e4r bara ett av flera problem som Carl Heath pekar p\u00e5 n\u00e4r det g\u00e4ller X.<\/p>\n<p>\u2013 Elon Musk, v\u00e4rldens rikaste man, har k\u00f6pt X och gjort den till sin egen plattform. D\u00e4refter har han ocks\u00e5 s\u00e5lt den vidare till sitt eget AI-bolag, xAI. Plattformens prim\u00e4ra funktion \u00e4r d\u00e4rmed inte l\u00e4ngre att tillhandah\u00e5lla en social infrastruktur f\u00f6r demokratiska samtal, utan att samla in data f\u00f6r att tr\u00e4na och f\u00f6rb\u00e4ttra AI-system.<\/p>\n<p>Han lyfter ocks\u00e5 att Elon Musk anv\u00e4nder sajten f\u00f6r att intervenera i valr\u00f6relser runtom i v\u00e4rlden. Bland annat Tyskland, Storbritannien, Italien, Frankrike och Spanien. \u00a0<\/p>\n<p>\u2013 Han har aktivt intervenerat i valr\u00f6relser genom att ge st\u00f6duttalanden till olika extremh\u00f6gerpartier. I Sverige har han delat inl\u00e4gg fr\u00e5n medlemmar i Alternativ f\u00f6r Sverige.<\/p>\n<p><img loading=\"lazy\"   alt=\"\"\/><\/p>\n<p>F\u00f6rutom politiska uttalanden har Elon Musk haft n\u00e4ra band till amerikanska presidenten Donald Trump<\/p>\n<p>Foto: FRANCIS CHUNG &#8211; POOL VIA CNP<\/p>\n<p>\u00d6ppna bild i helsk\u00e4rmRisken inf\u00f6r valet 2026<\/p>\n<p>Risken att Elon Musk \u00e4ven ska blanda sig i det kommande svenska valet \u00e4r s\u00e5ldes stor, menar han.<\/p>\n<p>\u2013 Vi kan se att Musks kommentarer om Sverige har \u00f6kat under 2024 och 2025.<\/p>\n<p>Han h\u00e4nvisar ocks\u00e5 till flera studier som visar att X:s algoritmer gynnar h\u00f6gerorienterat politiskt inneh\u00e5ll. P\u00e5 liknande s\u00e4tt som Tiktok gynnar politiskt inneh\u00e5ll som ligger i linje med den kinesiska kommuniststatens intressen.<\/p>\n<p>\u2013 Det \u00e4r plattformarnas algoritmer som styr, och det \u00e4r en maktfr\u00e5ga. I praktiken inneb\u00e4r det att vi flyttar makt \u00f6ver det demokratiska samtalet fr\u00e5n medborgare och folkvalda till de som kontrollerar algoritmerna.<\/p>\n<p>Annons<\/p>\n<p>\u2013 Om den enda plats d\u00e4r man bedriver sin opinionsbildning \u00e4r en milj\u00f6 vars demokratiska f\u00f6ruts\u00e4ttningar \u00e4r s\u00e5 begr\u00e4nsade som p\u00e5 X eller Tiktok d\u00e5 \u00e4r det problematiskt.<\/p>\n<p>\u201dX \u00e4r ett digitalt tivoli\u201d<\/p>\n<p>Carl Heath ber\u00e4ttar att plattformars spelregler i h\u00f6g grad p\u00e5verkar hur det demokratiska samtalet formas \u2013 och d\u00e4rmed ocks\u00e5 opinionsbildningen. Exempelvis skulle vi inte ha demokratiska samtal i ett shoppingcenter. Men n\u00e4r det kommer till det digitala demokratiska samtalet kan det h\u00e5llas hus p\u00e5 plattformar d\u00e4r det f\u00f6rekommer barnpornografi, h\u00f6gerextremism och hat och hot.\u00a0<\/p>\n<p>\u2013 Var vi v\u00e4ljer att ha v\u00e5ra demokratiska samtal handlar inte bara om att politiker ska n\u00e5 v\u00e4ljare eller att journalister ska n\u00e5 l\u00e4sare, utan om vilka strukturer som formar samtalet.<\/p>\n<p>F\u00f6r politiker och makthavare att forts\u00e4tta g\u00f6ra exklusiva uttalanden p\u00e5 sajter som X inneb\u00e4r att folket allts\u00e5 tappar makten \u00f6ver det demokratiska samtalet, understryker Carl Heath.<\/p>\n<p>\u2013 Min uppfattning \u00e4r att vi beh\u00f6ver en \u00f6verenskommelse mellan partierna. Det diskuterades redan n\u00e4r jag var s\u00e4rskild utredare 2020: Hur vill vi att det digitala demokratiska samtalet ska se ut, och vad \u00e4r till nytta f\u00f6r samh\u00e4llet?<\/p>\n","protected":false},"excerpt":{"rendered":"Publicerad 8 jan 2026 kl 20.59 Elon Musk l\u00e5ter sexualiserade bilder p\u00e5 Ebba Busch vara kvar, men d\u00f6ljer&hellip;\n","protected":false},"author":2,"featured_media":130111,"comment_status":"","ping_status":"","sticky":false,"template":"","format":"standard","meta":{"footnotes":""},"categories":[5],"tags":[22,23,26,27,17,21,24,25,28,29,15,16,2172,874,984,18,34,154,31,33,32,30,19,966,20],"class_list":{"0":"post-130110","1":"post","2":"type-post","3":"status-publish","4":"format-standard","5":"has-post-thumbnail","7":"category-rubriker","8":"tag-breaking-news","9":"tag-breakingnews","10":"tag-featured-news","11":"tag-featurednews","12":"tag-headlines","13":"tag-huvudnyheter","14":"tag-latest-news","15":"tag-latestnews","16":"tag-main-news","17":"tag-mainnews","18":"tag-news","19":"tag-nyheter","20":"tag-organization-x","21":"tag-person-ebba-busch","22":"tag-person-elon-musk","23":"tag-rubriker","24":"tag-se","25":"tag-sections-sverige","26":"tag-svenska","27":"tag-sverige","28":"tag-sweden","29":"tag-swedish","30":"tag-top-stories","31":"tag-topic-sociala-medier","32":"tag-topstories"},"share_on_mastodon":{"url":"https:\/\/pubeurope.com\/@se\/115862321456819396","error":""},"_links":{"self":[{"href":"https:\/\/www.europesays.com\/se\/wp-json\/wp\/v2\/posts\/130110","targetHints":{"allow":["GET"]}}],"collection":[{"href":"https:\/\/www.europesays.com\/se\/wp-json\/wp\/v2\/posts"}],"about":[{"href":"https:\/\/www.europesays.com\/se\/wp-json\/wp\/v2\/types\/post"}],"author":[{"embeddable":true,"href":"https:\/\/www.europesays.com\/se\/wp-json\/wp\/v2\/users\/2"}],"replies":[{"embeddable":true,"href":"https:\/\/www.europesays.com\/se\/wp-json\/wp\/v2\/comments?post=130110"}],"version-history":[{"count":0,"href":"https:\/\/www.europesays.com\/se\/wp-json\/wp\/v2\/posts\/130110\/revisions"}],"wp:featuredmedia":[{"embeddable":true,"href":"https:\/\/www.europesays.com\/se\/wp-json\/wp\/v2\/media\/130111"}],"wp:attachment":[{"href":"https:\/\/www.europesays.com\/se\/wp-json\/wp\/v2\/media?parent=130110"}],"wp:term":[{"taxonomy":"category","embeddable":true,"href":"https:\/\/www.europesays.com\/se\/wp-json\/wp\/v2\/categories?post=130110"},{"taxonomy":"post_tag","embeddable":true,"href":"https:\/\/www.europesays.com\/se\/wp-json\/wp\/v2\/tags?post=130110"}],"curies":[{"name":"wp","href":"https:\/\/api.w.org\/{rel}","templated":true}]}}