{"id":130114,"date":"2026-01-09T00:37:19","date_gmt":"2026-01-09T00:37:19","guid":{"rendered":"https:\/\/www.europesays.com\/se\/130114\/"},"modified":"2026-01-09T00:37:19","modified_gmt":"2026-01-09T00:37:19","slug":"lena-radstrom-baastad-tillbaka-som-landshovding-i-orebro-lan","status":"publish","type":"post","link":"https:\/\/www.europesays.com\/se\/130114\/","title":{"rendered":"Lena R\u00e5dstr\u00f6m Baastad tillbaka som landsh\u00f6vding i \u00d6rebro l\u00e4n"},"content":{"rendered":"<p class=\"normal\">Lena R\u00e5dstr\u00f6m Baastad har varit landsh\u00f6vding i \u00d6rebro l\u00e4n och civilomr\u00e5deschef f\u00f6r Mellersta civilomr\u00e5det sedan 2023.<\/p>\n<p class=\"normal\">I oktober tvingades hon ta en paus fr\u00e5n sin tj\u00e4nst d\u00e5 hon drabbades av br\u00f6stcancer. Nu \u00e4r hon f\u00e4rdigbehandlad och ser fram emot det kommande \u00e5ret.<\/p>\n<p class=\"normal\">\u2013 Jag vill tacka f\u00f6r alla fina h\u00e4lsningar och den v\u00e4rme jag m\u00f6tt under det h\u00e4r \u00e5ret och s\u00e4rskilt den h\u00e4r h\u00f6sten fr\u00e5n s\u00e5 m\u00e5nga h\u00e5ll. Det har varit hejarop fr\u00e5n hela Sverige, fr\u00e5n v\u00e4nner och kollegor. Jag blir alldeles varm \u00f6ver hur fantastiska m\u00e4nniskor \u00e4r. Nu ser jag fram emot 2026 med stor energi, s\u00e4ger hon.<\/p>\n<p class=\"normal\">Under sjukdomsperioden har Lena R\u00e5dstr\u00f6m Baastad ersatts av Anneli Hult\u00e9n, tidigare landsh\u00f6vding i Sk\u00e5ne.<\/p>\n","protected":false},"excerpt":{"rendered":"Lena R\u00e5dstr\u00f6m Baastad har varit landsh\u00f6vding i \u00d6rebro l\u00e4n och civilomr\u00e5deschef f\u00f6r Mellersta civilomr\u00e5det sedan 2023. I oktober&hellip;\n","protected":false},"author":2,"featured_media":130115,"comment_status":"","ping_status":"","sticky":false,"template":"","format":"standard","meta":{"footnotes":""},"categories":[12],"tags":[22,23,26,27,17,21,24,25,28,29,15,16,18,34,31,33,32,30,19,20],"class_list":{"0":"post-130114","1":"post","2":"type-post","3":"status-publish","4":"format-standard","5":"has-post-thumbnail","7":"category-sverige","8":"tag-breaking-news","9":"tag-breakingnews","10":"tag-featured-news","11":"tag-featurednews","12":"tag-headlines","13":"tag-huvudnyheter","14":"tag-latest-news","15":"tag-latestnews","16":"tag-main-news","17":"tag-mainnews","18":"tag-news","19":"tag-nyheter","20":"tag-rubriker","21":"tag-se","22":"tag-svenska","23":"tag-sverige","24":"tag-sweden","25":"tag-swedish","26":"tag-top-stories","27":"tag-topstories"},"share_on_mastodon":{"url":"https:\/\/pubeurope.com\/@se\/115862349015596698","error":""},"_links":{"self":[{"href":"https:\/\/www.europesays.com\/se\/wp-json\/wp\/v2\/posts\/130114","targetHints":{"allow":["GET"]}}],"collection":[{"href":"https:\/\/www.europesays.com\/se\/wp-json\/wp\/v2\/posts"}],"about":[{"href":"https:\/\/www.europesays.com\/se\/wp-json\/wp\/v2\/types\/post"}],"author":[{"embeddable":true,"href":"https:\/\/www.europesays.com\/se\/wp-json\/wp\/v2\/users\/2"}],"replies":[{"embeddable":true,"href":"https:\/\/www.europesays.com\/se\/wp-json\/wp\/v2\/comments?post=130114"}],"version-history":[{"count":0,"href":"https:\/\/www.europesays.com\/se\/wp-json\/wp\/v2\/posts\/130114\/revisions"}],"wp:featuredmedia":[{"embeddable":true,"href":"https:\/\/www.europesays.com\/se\/wp-json\/wp\/v2\/media\/130115"}],"wp:attachment":[{"href":"https:\/\/www.europesays.com\/se\/wp-json\/wp\/v2\/media?parent=130114"}],"wp:term":[{"taxonomy":"category","embeddable":true,"href":"https:\/\/www.europesays.com\/se\/wp-json\/wp\/v2\/categories?post=130114"},{"taxonomy":"post_tag","embeddable":true,"href":"https:\/\/www.europesays.com\/se\/wp-json\/wp\/v2\/tags?post=130114"}],"curies":[{"name":"wp","href":"https:\/\/api.w.org\/{rel}","templated":true}]}}