{"id":130116,"date":"2026-01-09T00:38:12","date_gmt":"2026-01-09T00:38:12","guid":{"rendered":"https:\/\/www.europesays.com\/se\/130116\/"},"modified":"2026-01-09T00:38:12","modified_gmt":"2026-01-09T00:38:12","slug":"08-januari-21-55-trafikolycka-vilt-vasterbottens-lan-polisen-se","status":"publish","type":"post","link":"https:\/\/www.europesays.com\/se\/130116\/","title":{"rendered":"08 januari 21.55, Trafikolycka, vilt, V\u00e4sterbottens l\u00e4n &#8211; polisen.se"},"content":{"rendered":"<ol>\n<li><a href=\"https:\/\/news.google.com\/rss\/articles\/CBMiqgFBVV95cUxQbkI4Uk1uS2ozQ2YyVnBvMkh2RWprTUstd1YtMS1fRl8wb3k2VGMxR01hdV9SSjhjM1EyeEUzYlNBZy1SSDU2ZG1qd1N1bG0xU3N5ZGxDV2FIRXljUmNWUUpCSjRWRm9fRkp3QXJNMVdXTU1qOVdiZTNZeUtiNnhqVE5yZW5WR284X0FWMTg1eTJSV2tDcGZsZzVhT045ZVhBbnBUYW9hUmRNZw?oc=5\" target=\"_blank\" rel=\"nofollow noopener\">08 januari 21.55, Trafikolycka, vilt, V\u00e4sterbottens l\u00e4n<\/a>&nbsp;&nbsp;polisen.se<\/li>\n<li><a href=\"https:\/\/news.google.com\/rss\/articles\/CBMibEFVX3lxTE9RQnNfaWt2MjJKMTN0TFZGZGR4SHpBMDB4R1VmblVrclp1WVNaMU53UUdSOUhWUU9EUVZwaURHWVFXQUk2X2NSMS03SHFnZzZQamFfS1AzSFpFTUVwNjdoWVBaMUdxMWpnT3V1LQ?oc=5\" target=\"_blank\" rel=\"nofollow noopener\">Flera djurolyckor i l\u00e4net<\/a>&nbsp;&nbsp;V\u00e4sterbottens-Kuriren<\/li>\n<li><a href=\"https:\/\/news.google.com\/rss\/articles\/CBMi1AFBVV95cUxPYnRDa0YydzYtcmtvWFY1b1oxVG9Bak9VMHUwaDZLdHA1UlN6eXVENXg3cFRXY2ZnZmVlRU1oUU9MSm9FaGp0S0ktaWliYTRfZUlna09OLUh2MTJGOHliU21yX2hNaUpiUDd1VmdUeGpuVGkybWJLaGhZQ3BwRlJncW1BZG9MX295VmdVTTdmYU9MNk1pYjJhcHI5dUhOZk13bjljRlRORVJGcTl2QXpFSkd1bnU0dThGUG1rd2Z3U25RWnBKMlRoc1RqQVBrcmxBUmlnTg?oc=5\" target=\"_blank\" rel=\"nofollow noopener\">Ett urval av nattens polisverksamhet 22.00\u201307.00.<\/a>&nbsp;&nbsp;Brottsplatskartan.se<\/li>\n<li><a href=\"https:\/\/news.google.com\/rss\/articles\/CBMinwFBVV95cUxNelpxbk5FOHRHa0Fib0ptZ003TXlqanhLR1NXMWltUDIxSG9iUUJ3cG1UMElqb1NOV3lCeHB2ajhWM1pLdjUxVTM1emhFdE4tdEZ5eGUyem52OFJHRkdlWXd6QlJhZWJnaVRtUXZNVWJaZFZjRVZVbzQ0bF9SQXJ1NVNyZFY2QVhSa2N5empMVExncnpYNURZMl9fUEwzYjg?oc=5\" target=\"_blank\" rel=\"nofollow noopener\">\u00c4lg- och r\u00e5djurskollisioner \u2022 Bil och lastbil inblandade: J\u00e4gare larmade<\/a>&nbsp;&nbsp;Megafonen Skellefte\u00e5<\/li>\n<li><a href=\"https:\/\/news.google.com\/rss\/articles\/CBMimwJBVV95cUxPZUlrSFVnWE1YWVZRSGxDMXU5X3g1R3FXYWpZSFlydllXSGY1OC0xemdMZmRsRTNGYUQ5UERZNjFYeXRIWHZxc1JWY1RIN29FRjFURG9mWGtSZmhnR1N6RG05Q3FpWldpNmZMWXFKUm14ZVc2UnkxQUZ5WU9oSWJtV3RKdmlVblhRUjcwbU04NllVamZvekpnVlNIdWFGUk44b2FRb3NqY0RwWE52ZnN0bVpEWXNVaUwyMElkSlZUS2cwYml2T2xkOXQ3ZkxjeHBmSmVvZkhNR0tqMkg3U1ZKT2RlSVFoUEJVMDRQcWV3S3lBZlhxSWFCWWlpa1R0M2xFaS1RRDczYjgydVoyemRQWGtXNWxMVlIxSVlv?oc=5\" target=\"_blank\" rel=\"nofollow noopener\">Ett antal viltolyckor och renp\u00e5k\u00f6rningar har rapporterats in till polisen under eftermiddagen\/kv\u00e4llen.<\/a>&nbsp;&nbsp;Brottsplatskartan.se<\/li>\n<\/ol>\n","protected":false},"excerpt":{"rendered":"08 januari 21.55, Trafikolycka, vilt, V\u00e4sterbottens l\u00e4n&nbsp;&nbsp;polisen.se Flera djurolyckor i l\u00e4net&nbsp;&nbsp;V\u00e4sterbottens-Kuriren Ett urval av nattens polisverksamhet 22.00\u201307.00.&nbsp;&nbsp;Brottsplatskartan.se \u00c4lg-&hellip;\n","protected":false},"author":2,"featured_media":54,"comment_status":"","ping_status":"","sticky":false,"template":"","format":"standard","meta":{"footnotes":""},"categories":[5],"tags":[22,23,26,27,17,21,24,25,28,29,15,16,18,34,31,33,32,30,19,20],"class_list":{"0":"post-130116","1":"post","2":"type-post","3":"status-publish","4":"format-standard","5":"has-post-thumbnail","7":"category-rubriker","8":"tag-breaking-news","9":"tag-breakingnews","10":"tag-featured-news","11":"tag-featurednews","12":"tag-headlines","13":"tag-huvudnyheter","14":"tag-latest-news","15":"tag-latestnews","16":"tag-main-news","17":"tag-mainnews","18":"tag-news","19":"tag-nyheter","20":"tag-rubriker","21":"tag-se","22":"tag-svenska","23":"tag-sverige","24":"tag-sweden","25":"tag-swedish","26":"tag-top-stories","27":"tag-topstories"},"share_on_mastodon":{"url":"https:\/\/pubeurope.com\/@se\/115862352835033945","error":""},"_links":{"self":[{"href":"https:\/\/www.europesays.com\/se\/wp-json\/wp\/v2\/posts\/130116","targetHints":{"allow":["GET"]}}],"collection":[{"href":"https:\/\/www.europesays.com\/se\/wp-json\/wp\/v2\/posts"}],"about":[{"href":"https:\/\/www.europesays.com\/se\/wp-json\/wp\/v2\/types\/post"}],"author":[{"embeddable":true,"href":"https:\/\/www.europesays.com\/se\/wp-json\/wp\/v2\/users\/2"}],"replies":[{"embeddable":true,"href":"https:\/\/www.europesays.com\/se\/wp-json\/wp\/v2\/comments?post=130116"}],"version-history":[{"count":0,"href":"https:\/\/www.europesays.com\/se\/wp-json\/wp\/v2\/posts\/130116\/revisions"}],"wp:featuredmedia":[{"embeddable":true,"href":"https:\/\/www.europesays.com\/se\/wp-json\/wp\/v2\/media\/54"}],"wp:attachment":[{"href":"https:\/\/www.europesays.com\/se\/wp-json\/wp\/v2\/media?parent=130116"}],"wp:term":[{"taxonomy":"category","embeddable":true,"href":"https:\/\/www.europesays.com\/se\/wp-json\/wp\/v2\/categories?post=130116"},{"taxonomy":"post_tag","embeddable":true,"href":"https:\/\/www.europesays.com\/se\/wp-json\/wp\/v2\/tags?post=130116"}],"curies":[{"name":"wp","href":"https:\/\/api.w.org\/{rel}","templated":true}]}}