{"id":130121,"date":"2026-01-09T00:45:19","date_gmt":"2026-01-09T00:45:19","guid":{"rendered":"https:\/\/www.europesays.com\/se\/130121\/"},"modified":"2026-01-09T00:45:19","modified_gmt":"2026-01-09T00:45:19","slug":"skk-far-ny-generalsekreterare-jakt-jagare","status":"publish","type":"post","link":"https:\/\/www.europesays.com\/se\/130121\/","title":{"rendered":"SKK f\u00e5r ny generalsekreterare &#8211; Jakt &#038; J\u00e4gare"},"content":{"rendered":"<p>                    <a data-lightbox=\"post-97152\" href=\"https:\/\/www.jaktojagare.se\/wp-content\/uploads\/2026\/01\/susanne.jpg\" data-title=\"Foto: Svenska Kennelklubben&lt;br\/&gt;Susanne Jidesten tilltr\u00e4der som SKK:s generalsekreterare under v\u00e5ren.\" rel=\"nofollow noopener\" target=\"_blank\"><br \/>\n                        <img width=\"1280\" height=\"720\" src=\"https:\/\/www.europesays.com\/se\/wp-content\/uploads\/2026\/01\/susanne-1280x720.jpg\" class=\"attachment-large size-large\" alt=\"\" decoding=\"async\" fetchpriority=\"high\"   itemprop=\"image\"\/>                    <\/a><\/p>\n<p>\n                        Foto: Svenska Kennelklubben<br \/>\n                        Susanne Jidesten tilltr\u00e4der som SKK:s generalsekreterare under v\u00e5ren.\n                    <\/p>\n<p>Publicerad 2026-01-08 13:56<\/p>\n<p>Susanne Jidesten blir Svenska Kennelklubbens nya och f\u00f6rsta kvinnliga generalsekreterare. Det har centralstyrelsen nu best\u00e4mt.<\/p>\n<p>Efter knappt fyra \u00e5r <a href=\"https:\/\/www.jaktojagare.se\/kategorier\/nyheter\/svenska-kennelklubben-byter-vd\/\" rel=\"nofollow noopener\" target=\"_blank\">slutade Kees de Jong i somras hastigt sin tj\u00e4nst som vd f\u00f6r Svenska Kennelklubben<\/a>, SKK. Ulf Uddman, som efter m\u00e5nga \u00e5r i vd-rollen gick i pension 2021, klev tillf\u00e4lligt in som ledare f\u00f6r det dagliga arbetet p\u00e5 SKK:s kansli under tiden som en ny person rekryterades.<\/p>\n<p>Under h\u00f6stens <a href=\"https:\/\/www.jaktojagare.se\/kategorier\/nyheter\/skk-valde-jagare-till-ny-ordforande\/\" rel=\"nofollow noopener\" target=\"_blank\">turbulenta kennelfullm\u00e4ktige<\/a> beslutades att den personen inte skulle f\u00e5 titeln vd, utan att organisationen skulle \u00e5terg\u00e5 till att kalla kanslichefen f\u00f6r generalsekreterare.<\/p>\n<p>Van att leda id\u00e9burna organisationer<\/p>\n<p>Och nu \u00e4r rekryteringsprocessen klar. SKK:s centralstyrelse har utsett Susanne Jidesten till generalsekreterare. Hon kommer n\u00e4rmast fr\u00e5n en tj\u00e4nst som vd f\u00f6r Stiftelsen S\u00e4llskapet V\u00e4nner till Pauvres Honteux som erbjuder seniorboenden i v\u00e4stra Stockholm.<\/p>\n<p>Det centralstyrelsen fastnade f\u00f6r var hennes gedigna erfarenhet av att leda arbetet i ideella och id\u00e9burna organisationer. Hon har tidigare varit generalsekreterare i Friskis&amp;Svettis Riks och \u00e4r f\u00f6r n\u00e4rvarande bland annat ordf\u00f6rande i Svenska Basketbollf\u00f6rbundet och ledamot i Riksidrottsf\u00f6rbundets styrelse.<\/p>\n<p>Glad och stolt \u00f6ver f\u00f6rtroendet<\/p>\n<p>\u2013 Jag \u00e4r mycket glad och stolt \u00f6ver f\u00f6rtroendet att f\u00e5 ta mig an uppdraget som generalsekreterare f\u00f6r Svenska Kennelklubben. SKK \u00e4r en stark och samh\u00e4llsviktig organisation med ett stort engagemang f\u00f6r hundar och hund\u00e4garskap i Sverige. Som hund\u00e4gare har jag under m\u00e5nga \u00e5r f\u00f6ljt och uppskattat SKK:s arbete, och det k\u00e4nns b\u00e5de hedrande och meningsfullt att nu f\u00e5 bidra med min erfarenhet, s\u00e4ger Susanne Jidesten i ett pressmeddelande.<\/p>\n<p>Hon tilltr\u00e4der sin nya tj\u00e4nst under v\u00e5ren.<\/p>\n","protected":false},"excerpt":{"rendered":"Foto: Svenska Kennelklubben Susanne Jidesten tilltr\u00e4der som SKK:s generalsekreterare under v\u00e5ren. Publicerad 2026-01-08 13:56 Susanne Jidesten blir Svenska&hellip;\n","protected":false},"author":2,"featured_media":130122,"comment_status":"","ping_status":"","sticky":false,"template":"","format":"standard","meta":{"footnotes":""},"categories":[12],"tags":[22,23,26,27,17,21,24,25,28,29,15,16,18,34,31,33,32,30,19,20],"class_list":{"0":"post-130121","1":"post","2":"type-post","3":"status-publish","4":"format-standard","5":"has-post-thumbnail","7":"category-sverige","8":"tag-breaking-news","9":"tag-breakingnews","10":"tag-featured-news","11":"tag-featurednews","12":"tag-headlines","13":"tag-huvudnyheter","14":"tag-latest-news","15":"tag-latestnews","16":"tag-main-news","17":"tag-mainnews","18":"tag-news","19":"tag-nyheter","20":"tag-rubriker","21":"tag-se","22":"tag-svenska","23":"tag-sverige","24":"tag-sweden","25":"tag-swedish","26":"tag-top-stories","27":"tag-topstories"},"share_on_mastodon":{"url":"https:\/\/pubeurope.com\/@se\/115862380391031025","error":""},"_links":{"self":[{"href":"https:\/\/www.europesays.com\/se\/wp-json\/wp\/v2\/posts\/130121","targetHints":{"allow":["GET"]}}],"collection":[{"href":"https:\/\/www.europesays.com\/se\/wp-json\/wp\/v2\/posts"}],"about":[{"href":"https:\/\/www.europesays.com\/se\/wp-json\/wp\/v2\/types\/post"}],"author":[{"embeddable":true,"href":"https:\/\/www.europesays.com\/se\/wp-json\/wp\/v2\/users\/2"}],"replies":[{"embeddable":true,"href":"https:\/\/www.europesays.com\/se\/wp-json\/wp\/v2\/comments?post=130121"}],"version-history":[{"count":0,"href":"https:\/\/www.europesays.com\/se\/wp-json\/wp\/v2\/posts\/130121\/revisions"}],"wp:featuredmedia":[{"embeddable":true,"href":"https:\/\/www.europesays.com\/se\/wp-json\/wp\/v2\/media\/130122"}],"wp:attachment":[{"href":"https:\/\/www.europesays.com\/se\/wp-json\/wp\/v2\/media?parent=130121"}],"wp:term":[{"taxonomy":"category","embeddable":true,"href":"https:\/\/www.europesays.com\/se\/wp-json\/wp\/v2\/categories?post=130121"},{"taxonomy":"post_tag","embeddable":true,"href":"https:\/\/www.europesays.com\/se\/wp-json\/wp\/v2\/tags?post=130121"}],"curies":[{"name":"wp","href":"https:\/\/api.w.org\/{rel}","templated":true}]}}