{"id":130125,"date":"2026-01-09T00:51:45","date_gmt":"2026-01-09T00:51:45","guid":{"rendered":"https:\/\/www.europesays.com\/se\/130125\/"},"modified":"2026-01-09T00:51:45","modified_gmt":"2026-01-09T00:51:45","slug":"sernekes-konkursbo-stammer-bolag-pa-160-miljoner","status":"publish","type":"post","link":"https:\/\/www.europesays.com\/se\/130125\/","title":{"rendered":"Sernekes konkursbo st\u00e4mmer bolag p\u00e5 160 miljoner"},"content":{"rendered":"<p>\t\t\t\t\t\t\t\t\t<img decoding=\"async\" src=\"https:\/\/www.europesays.com\/se\/wp-content\/uploads\/2026\/01\/Bilder-till-webben_22.webp.webp\" alt=\"Sernekes konkursbo st\u00e4mmer bolag p\u00e5 160 miljoner\"\/><\/p>\n<p>&#13;<br \/>\n\t\t\t\t\t\t\tBildk\u00e4lla: Serneke, Adobe Stock. Redigering: Linn Hagen.\t\t\t\t\t\t<\/p>\n<p><strong>Serneke Sveriges konkursbo st\u00e4mmer flera underleverant\u00f6rer som mots\u00e4tter sig de ovanligt h\u00e5rda \u00e5tervinningskraven. D\u00e5 kan en ny konkursv\u00e5g v\u00e4nta.<\/strong><\/p>\n<p>Konkursf\u00f6rvaltaren i Serneke Sveriges konkursbo \u00e4r p\u00e5 krigsstigen. Nu st\u00e4mmer man flera tidigare underleverant\u00f6rer till byggj\u00e4tten f\u00f6r att kr\u00e4va tillbaka pengar.<\/p>\n<p>Den s\u00e5 kallade \u00e5tervinningsprocessen har som m\u00e5l att beg\u00e4ra tillbaka pengar till konkursboet, s\u00e5 att de kan f\u00f6rdelas r\u00e4ttvist mellan borgen\u00e4rerna.<\/p>\n<p>Bland annat st\u00e4mmer man fyra bolag med kopplingar till Deromekoncernen p\u00e5 drygt 160 miljoner kronor, rapporterar <a href=\"https:\/\/www.hn.se\/hallands-affarer\/derome-stams-pa-over-160-miljoner-kronor-av-serneke.88fcf453-810e-4544-bb0e-150016ed00be\" data-wpel-link=\"external\" target=\"_self\" rel=\"nofollow noopener noreferrer\">Hallands Nyheter<\/a>.<\/p>\n<p><a href=\"https:\/\/www.bt.se\/naringsliv\/lokala-foretag-stams-pa-jattesumma-i-serneke-konkursen\/\" data-wpel-link=\"external\" target=\"_self\" rel=\"nofollow noopener noreferrer\">Bor\u00e5s Tidning<\/a> har pratat med n\u00e5gra av de totalt \u00e5tta drabbade f\u00f6retagen.<\/p>\n<p>Bland dessa finns Skenehus, som motsatt sig \u00e5tervinningskravet fr\u00e5n konkursf\u00f6rvaltaren. F\u00f6rlorar de processen kan sista kapitlet vara skrivet f\u00f6r bolaget.<\/p>\n<p>\u2013 Det \u00e4r j\u00e4ttetr\u00e5kigt. Om vi tvingas betala f\u00e5r vi l\u00e4gga f\u00f6retaget i konkurs och det \u00e4r nog m\u00e5nga andra som ocks\u00e5 kommer att stryka med, s\u00e4ger Harry Nyman, vd p\u00e5 Skenehus, till BT.<\/p>\n<p>Det leverant\u00f6rerna bland annat v\u00e4nder sig mot \u00e4r att konkursf\u00f6rvaltaren g\u00e5tt tillbaka ovanligt l\u00e5ngt i tiden f\u00f6r \u00e5tervinningskraven. Normalt sett beg\u00e4r man \u00e5tervinning f\u00f6r upp till tre m\u00e5nader f\u00f6re konkursdatum.<\/p>\n<p>Men den h\u00e4r g\u00e5ngen har man str\u00e4ckt sig till n\u00e4stan ett och ett halvt \u00e5r innan konkursen registrerades.<\/p>\n<p>\u00c4ven F\u00f6retagarnas vd, Magnus Demervall, st\u00e4mmer in i kritiken.<\/p>\n<p>\u2013 Man n\u00e4rmast r\u00f6ker ut sm\u00e5f\u00f6retagare som inte har likviditeten eller den egna juridiska kapaciteten att h\u00e5lla emot. Om de inte lever ur hand i mun s\u00e5 har de i alla fall relativt l\u00e5ga f\u00f6ruts\u00e4ttningar att driva en konflikt under ett antal \u00e5r.<\/p>\n<p>Konkursf\u00f6rvaltarens f\u00f6rsvar<\/p>\n<p>Konkursf\u00f6rvaltaren, J\u00f6rgen Wistrand, har tidigare g\u00e5tt ut och f\u00f6rsvarat konkursboets h\u00e5rda linje mot underleverant\u00f6rer.<\/p>\n<p>\u201dDe leverant\u00f6rer som har mottagit \u00e5tervinningskrav fr\u00e5n konkursboet har alla mottagit betalningar fr\u00e5n konkursbolaget f\u00f6re konkursutbrottet. Vid sidan av dessa leverant\u00f6rer finns ett mycket stort antal leverant\u00f6rer i konkursen som \u00f6verhuvudtaget inte har f\u00e5tt betalt. Genom att vissa borgen\u00e4rer har f\u00e5tt betalt f\u00f6re konkursen har det utdelningsbara beloppet i konkursen minskat i motsvarande utstr\u00e4ckning\u201d, skrev han i ett uttalande november och fortsatte:<\/p>\n<p>\u201dF\u00f6ljden av \u00e5tervinning blir att konkursboets tillg\u00e5ngsmassa \u00f6kar och att borgen\u00e4rerna d\u00e4rmed typiskt sett f\u00e5r st\u00f6rre utdelning i konkursen \u00e4n vad som annars hade blivit fallet\u201d.<\/p>\n<p>Sernekes konkursbo <a href=\"https:\/\/branschaktuellt.se\/byggindustrin\/244273-serneke-stammer-doxa-efter-konkursen\/\" data-wpel-link=\"internal\" rel=\"nofollow noopener\" target=\"_blank\">st\u00e4mmer \u00e4ven flera bolag<\/a> inom Doxakoncernen, som ocks\u00e5 mots\u00e4tter sig \u00e5terbetalningskraven.<\/p>\n","protected":false},"excerpt":{"rendered":"&#13; Bildk\u00e4lla: Serneke, Adobe Stock. Redigering: Linn Hagen. Serneke Sveriges konkursbo st\u00e4mmer flera underleverant\u00f6rer som mots\u00e4tter sig de&hellip;\n","protected":false},"author":2,"featured_media":130126,"comment_status":"","ping_status":"","sticky":false,"template":"","format":"standard","meta":{"footnotes":""},"categories":[65],"tags":[13366,72,13367,12248,70,71,6525,13368,34,13369,13370,31,33,32,30],"class_list":{"0":"post-130125","1":"post","2":"type-post","3":"status-publish","4":"format-standard","5":"has-post-thumbnail","7":"category-ekonomi","8":"tag-atervinningskrav","9":"tag-business","10":"tag-derome","11":"tag-doxa","12":"tag-economy","13":"tag-ekonomi","14":"tag-konkurs","15":"tag-konkursbo","16":"tag-se","17":"tag-serneke-sverige-ab","18":"tag-skenehus","19":"tag-svenska","20":"tag-sverige","21":"tag-sweden","22":"tag-swedish"},"share_on_mastodon":{"url":"https:\/\/pubeurope.com\/@se\/115862403988806727","error":""},"_links":{"self":[{"href":"https:\/\/www.europesays.com\/se\/wp-json\/wp\/v2\/posts\/130125","targetHints":{"allow":["GET"]}}],"collection":[{"href":"https:\/\/www.europesays.com\/se\/wp-json\/wp\/v2\/posts"}],"about":[{"href":"https:\/\/www.europesays.com\/se\/wp-json\/wp\/v2\/types\/post"}],"author":[{"embeddable":true,"href":"https:\/\/www.europesays.com\/se\/wp-json\/wp\/v2\/users\/2"}],"replies":[{"embeddable":true,"href":"https:\/\/www.europesays.com\/se\/wp-json\/wp\/v2\/comments?post=130125"}],"version-history":[{"count":0,"href":"https:\/\/www.europesays.com\/se\/wp-json\/wp\/v2\/posts\/130125\/revisions"}],"wp:featuredmedia":[{"embeddable":true,"href":"https:\/\/www.europesays.com\/se\/wp-json\/wp\/v2\/media\/130126"}],"wp:attachment":[{"href":"https:\/\/www.europesays.com\/se\/wp-json\/wp\/v2\/media?parent=130125"}],"wp:term":[{"taxonomy":"category","embeddable":true,"href":"https:\/\/www.europesays.com\/se\/wp-json\/wp\/v2\/categories?post=130125"},{"taxonomy":"post_tag","embeddable":true,"href":"https:\/\/www.europesays.com\/se\/wp-json\/wp\/v2\/tags?post=130125"}],"curies":[{"name":"wp","href":"https:\/\/api.w.org\/{rel}","templated":true}]}}