{"id":130131,"date":"2026-01-09T01:02:03","date_gmt":"2026-01-09T01:02:03","guid":{"rendered":"https:\/\/www.europesays.com\/se\/130131\/"},"modified":"2026-01-09T01:02:03","modified_gmt":"2026-01-09T01:02:03","slug":"man-som-jobbat-for-svenska-forsvarsmakten-begars-haktad-for-spioneri-utrikes","status":"publish","type":"post","link":"https:\/\/www.europesays.com\/se\/130131\/","title":{"rendered":"Man som jobbat f\u00f6r svenska f\u00f6rsvarsmakten beg\u00e4rs h\u00e4ktad f\u00f6r spioneri | Utrikes"},"content":{"rendered":"<p class=\"aw-1gybjub aw-5vja16 kEtdKx kmuxyA yle__article__paragraph\">Brotten ska ha skett i Stockholms l\u00e4n de senaste \u00e5ren.<\/p>\n<p><img decoding=\"async\" alt=\"En svensk soldats ben p\u00e5 en b\u00e5t framf\u00f6r svenska flaggan.\" src=\"https:\/\/www.europesays.com\/se\/wp-content\/uploads\/2026\/01\/39-1577924695e4fcfbffea.jpeg\" class=\"aw-1l9m598 hKVVvP\"\/><\/p>\n<p>\u00d6ppna bildvisare<\/p>\n<p>F\u00f6rsvarsmakten har bekr\u00e4ftat f\u00f6r nyhetsbyr\u00e5n TT att mannen arbetat d\u00e4r. Bild: Pelle T. Nilsson \/ AOPLyssna (du h\u00f6r en artificiell r\u00f6st) 1:03<\/p>\n<p class=\"aw-1gybjub aw-1p7kakr kEtdKx cEmitX yle__article__paragraph\">En svensk man i 30-\u00e5rs\u00e5ldern, som tidigare har arbetat f\u00f6r Sveriges f\u00f6rsvarsmakt, beg\u00e4rs h\u00e4ktad misst\u00e4nkt f\u00f6r spioneri. Han greps i s\u00f6ndags i Stockholm och \u00e4r fr\u00e5n Mellansverige.<\/p>\n<p class=\"aw-1gybjub aw-1p7kakr kEtdKx cEmitX yle__article__paragraph\">Svenska myndigheter har inte offentliggjort vilka uppgifter mannen haft inom F\u00f6rsvarsmakten, eller under vilken tidsperiod han arbetat d\u00e4r. Det \u00e4r heller inte k\u00e4nt vilken akt\u00f6r han ska ha spionerat f\u00f6r.<\/p>\n<p class=\"aw-1gybjub aw-1p7kakr kEtdKx cEmitX yle__article__paragraph\">Den misst\u00e4nkte mannen har dessutom nyligen haft en ledande position i ett nystartat f\u00f6retag inom cybers\u00e4kerhet.<\/p>\n<p class=\"aw-1gybjub aw-1p7kakr kEtdKx cEmitX yle__article__paragraph\">Brotten han misst\u00e4nks f\u00f6r ska ha \u00e4gt rum i Stockholms l\u00e4n fr\u00e5n b\u00f6rjan av 2022 fram till gripandet. Den brottslighet han nu beg\u00e4rs h\u00e4ktad f\u00f6r str\u00e4cker sig d\u00e4remot bara fr\u00e5n januari 2025 till januari 2026.<\/p>\n<p class=\"aw-1gybjub aw-1p7kakr kEtdKx cEmitX yle__article__paragraph\">S\u00e4kerhetspolisen uppgav i m\u00e5ndags f\u00f6r <a class=\"aw-iao6s4 iHOxEa yle__article__link\" href=\"https:\/\/www.svt.se\/nyheter\/lokalt\/stockholm\/uppgifter-misstankt-spion-gripen-i-stockholm\" role=\"link\" rel=\"nofollow noopener\" target=\"_blank\">SVT<\/a> att utredningen av fallet har p\u00e5g\u00e5tt under en l\u00e5ng tid.<\/p>\n<p class=\"aw-1gybjub aw-1p7kakr kEtdKx cEmitX yle__article__paragraph\">K\u00e4lla: STT<\/p>\n","protected":false},"excerpt":{"rendered":"Brotten ska ha skett i Stockholms l\u00e4n de senaste \u00e5ren. \u00d6ppna bildvisare F\u00f6rsvarsmakten har bekr\u00e4ftat f\u00f6r nyhetsbyr\u00e5n TT&hellip;\n","protected":false},"author":2,"featured_media":130132,"comment_status":"","ping_status":"","sticky":false,"template":"","format":"standard","meta":{"footnotes":""},"categories":[12],"tags":[22,23,128,4695,26,27,17,21,24,25,28,29,5989,15,16,18,13371,34,2788,258,31,33,13372,32,30,19,20,237],"class_list":{"0":"post-130131","1":"post","2":"type-post","3":"status-publish","4":"format-standard","5":"has-post-thumbnail","7":"category-sverige","8":"tag-breaking-news","9":"tag-breakingnews","10":"tag-brott","11":"tag-brottslighet","12":"tag-featured-news","13":"tag-featurednews","14":"tag-headlines","15":"tag-huvudnyheter","16":"tag-latest-news","17":"tag-latestnews","18":"tag-main-news","19":"tag-mainnews","20":"tag-misstankta","21":"tag-news","22":"tag-nyheter","23":"tag-rubriker","24":"tag-sakerhetspolisen","25":"tag-se","26":"tag-spionage","27":"tag-stockholm","28":"tag-svenska","29":"tag-sverige","30":"tag-sveriges-forsvarsmakt","31":"tag-sweden","32":"tag-swedish","33":"tag-top-stories","34":"tag-topstories","35":"tag-utrikes"},"share_on_mastodon":{"url":"https:\/\/pubeurope.com\/@se\/115862447231802372","error":""},"_links":{"self":[{"href":"https:\/\/www.europesays.com\/se\/wp-json\/wp\/v2\/posts\/130131","targetHints":{"allow":["GET"]}}],"collection":[{"href":"https:\/\/www.europesays.com\/se\/wp-json\/wp\/v2\/posts"}],"about":[{"href":"https:\/\/www.europesays.com\/se\/wp-json\/wp\/v2\/types\/post"}],"author":[{"embeddable":true,"href":"https:\/\/www.europesays.com\/se\/wp-json\/wp\/v2\/users\/2"}],"replies":[{"embeddable":true,"href":"https:\/\/www.europesays.com\/se\/wp-json\/wp\/v2\/comments?post=130131"}],"version-history":[{"count":0,"href":"https:\/\/www.europesays.com\/se\/wp-json\/wp\/v2\/posts\/130131\/revisions"}],"wp:featuredmedia":[{"embeddable":true,"href":"https:\/\/www.europesays.com\/se\/wp-json\/wp\/v2\/media\/130132"}],"wp:attachment":[{"href":"https:\/\/www.europesays.com\/se\/wp-json\/wp\/v2\/media?parent=130131"}],"wp:term":[{"taxonomy":"category","embeddable":true,"href":"https:\/\/www.europesays.com\/se\/wp-json\/wp\/v2\/categories?post=130131"},{"taxonomy":"post_tag","embeddable":true,"href":"https:\/\/www.europesays.com\/se\/wp-json\/wp\/v2\/tags?post=130131"}],"curies":[{"name":"wp","href":"https:\/\/api.w.org\/{rel}","templated":true}]}}