{"id":130142,"date":"2026-01-09T01:32:25","date_gmt":"2026-01-09T01:32:25","guid":{"rendered":"https:\/\/www.europesays.com\/se\/130142\/"},"modified":"2026-01-09T01:32:25","modified_gmt":"2026-01-09T01:32:25","slug":"affarsvarlden-ger-koprad-for-sensys-gatso","status":"publish","type":"post","link":"https:\/\/www.europesays.com\/se\/130142\/","title":{"rendered":"Aff\u00e4rsv\u00e4rlden ger k\u00f6pr\u00e5d f\u00f6r Sensys Gatso"},"content":{"rendered":"<p class=\"font-sans text-base text-text-main dark:text-text-main-dark font-normal leading-[1.4]\">Aff\u00e4rsv\u00e4rlden ger k\u00f6pr\u00e5d f\u00f6r trafiks\u00e4kerhetsl\u00f6sningsbolaget Sensys Gatso i en analys p\u00e5 torsdagen.\n <\/p>\n<p>Tidningen ser i sitt huvudscenario p\u00e5 ett par \u00e5rs sikt en potential p\u00e5 35 procent i aktien.\n <\/p>\n<p>&#8221;F\u00f6ruts\u00e4ttningarna f\u00f6r de kommande \u00e5ren \u00e4r bra med en stark orderbok och leveranser i Sverige som kommit ig\u00e5ng. Bevisb\u00f6rdan ligger dock p\u00e5 bolaget som inte lyckats m\u00f6ta f\u00f6rv\u00e4ntningarna senaste \u00e5ren. F\u00f6r investerare som t\u00e5l h\u00f6gre risk och gillar sm\u00e5bolag tror vi \u00e4nd\u00e5 Sensys Gatso kan vara intressant. Vi ger gr\u00f6nt ljus och r\u00e5det blir k\u00f6p&#8221;, skriver Aff\u00e4rsv\u00e4rlden.<br \/>\n <br class=\"col-start-2\"\/><\/p>\n<p class=\"font-sans text-base text-text-main dark:text-text-main-dark font-normal leading-[1.4]\">Henrik \u00d6hlin<br \/>\n <br class=\"col-start-2\"\/><br \/>\n henrik.ohlin@finwire.se, 0703-21 06 99<br \/>\n <br class=\"col-start-2\"\/><br \/>\n Nyhetsbyr\u00e5n Finwire<\/p>\n","protected":false},"excerpt":{"rendered":"Aff\u00e4rsv\u00e4rlden ger k\u00f6pr\u00e5d f\u00f6r trafiks\u00e4kerhetsl\u00f6sningsbolaget Sensys Gatso i en analys p\u00e5 torsdagen. Tidningen ser i sitt huvudscenario p\u00e5&hellip;\n","protected":false},"author":2,"featured_media":119816,"comment_status":"","ping_status":"","sticky":false,"template":"","format":"standard","meta":{"footnotes":""},"categories":[65],"tags":[72,70,71,34,31,33,32,30],"class_list":{"0":"post-130142","1":"post","2":"type-post","3":"status-publish","4":"format-standard","5":"has-post-thumbnail","7":"category-ekonomi","8":"tag-business","9":"tag-economy","10":"tag-ekonomi","11":"tag-se","12":"tag-svenska","13":"tag-sverige","14":"tag-sweden","15":"tag-swedish"},"share_on_mastodon":{"url":"https:\/\/pubeurope.com\/@se\/115862565174387864","error":""},"_links":{"self":[{"href":"https:\/\/www.europesays.com\/se\/wp-json\/wp\/v2\/posts\/130142","targetHints":{"allow":["GET"]}}],"collection":[{"href":"https:\/\/www.europesays.com\/se\/wp-json\/wp\/v2\/posts"}],"about":[{"href":"https:\/\/www.europesays.com\/se\/wp-json\/wp\/v2\/types\/post"}],"author":[{"embeddable":true,"href":"https:\/\/www.europesays.com\/se\/wp-json\/wp\/v2\/users\/2"}],"replies":[{"embeddable":true,"href":"https:\/\/www.europesays.com\/se\/wp-json\/wp\/v2\/comments?post=130142"}],"version-history":[{"count":0,"href":"https:\/\/www.europesays.com\/se\/wp-json\/wp\/v2\/posts\/130142\/revisions"}],"wp:featuredmedia":[{"embeddable":true,"href":"https:\/\/www.europesays.com\/se\/wp-json\/wp\/v2\/media\/119816"}],"wp:attachment":[{"href":"https:\/\/www.europesays.com\/se\/wp-json\/wp\/v2\/media?parent=130142"}],"wp:term":[{"taxonomy":"category","embeddable":true,"href":"https:\/\/www.europesays.com\/se\/wp-json\/wp\/v2\/categories?post=130142"},{"taxonomy":"post_tag","embeddable":true,"href":"https:\/\/www.europesays.com\/se\/wp-json\/wp\/v2\/tags?post=130142"}],"curies":[{"name":"wp","href":"https:\/\/api.w.org\/{rel}","templated":true}]}}