{"id":130162,"date":"2026-01-09T03:06:11","date_gmt":"2026-01-09T03:06:11","guid":{"rendered":"https:\/\/www.europesays.com\/se\/130162\/"},"modified":"2026-01-09T03:06:11","modified_gmt":"2026-01-09T03:06:11","slug":"malmo-slog-brynas-efter-hard-press-shl","status":"publish","type":"post","link":"https:\/\/www.europesays.com\/se\/130162\/","title":{"rendered":"Malm\u00f6 slog Bryn\u00e4s \u2013 efter h\u00e5rd press | SHL"},"content":{"rendered":"<p>Publicerad 8 jan 2026 kl 21.13Uppdaterad kl 22.03<\/p>\n<p>Bryn\u00e4s bombade p\u00e5 med skott, men formstarka Malm\u00f6 forts\u00e4tter hitta v\u00e4gar att vinna hockeymatcher.<\/p>\n<p>Ovane m\u00e5lskytten Robin Hanzl noterades f\u00f6r det avg\u00f6rande m\u00e5let \u2013 mot sitt favoritmotst\u00e5nd.<\/p>\n<p>\u2013 Jag har koll p\u00e5 att de \u00e4r lite av ett favoritmotst\u00e5nd f\u00f6r mig, skrattar Robin Hanzl.<\/p>\n<p><img   alt=\"\"\/> <\/p>\n<p>Foto: AVDO BILKANOVIC \/ BILDBYR\u00c5N<\/p>\n<p>\u00d6ppna bild i helsk\u00e4rmArtikeln i korthet<\/p>\n<p> Malm\u00f6 slog Bryn\u00e4s med 3-2 efter en tajt match i SHL<\/p>\n<p> Robin Hanzl stod f\u00f6r det avg\u00f6rande m\u00e5let f\u00f6r Malm\u00f6s del, och han g\u00f6r h\u00e4lften av sina m\u00e5l mot just Bryn\u00e4s, n\u00e5got som han \u00e4r v\u00e4l medveten om.<\/p>\n<p> Hanzl svarar om sina tankar p\u00e5 framtiden och hur det \u00e4r att spela med sin nya omgivning.<\/p>\n<p>Visa mer<\/p>\n<p>Bryn\u00e4s fick i v\u00e4g 44 skott mot Malm\u00f6.<\/p>\n<p>Dubbelt s\u00e5 m\u00e5nga som hemmalaget, som vann matchen med 3-2.<\/p>\n<p>Men Oskar Blomgren, som fick chansen efter tre raka matcher p\u00e5 b\u00e4nken imponerade med sitt lugn, och gjorde en kanonmatch.<\/p>\n<p>D\u00e5 klev Malm\u00f6s tjeck Robin Hanzl fram. Hans styrka sitter i passningsspelet, men mot Bryn\u00e4s \u00e4r det annorlunda. Av de totala tio m\u00e5len han gjort i Malm\u00f6tr\u00f6jan \u00f6ver tv\u00e5 s\u00e4songer, s\u00e5 har fem av m\u00e5len fallit mot just Bryn\u00e4s.\u00a0<\/p>\n<p>En statistik han \u00e4r mycket v\u00e4l medveten om.<\/p>\n<p>\u2013 Det d\u00e4r har jag koll p\u00e5, s\u00e4ger han.<\/p>\n<p>\u2013 Ibland k\u00e4nns det som att det bara \u00e4r mot Bryn\u00e4s jag g\u00f6r m\u00e5l, men tack och lov s\u00e5 spelar de i SHL, s\u00e5 man i alla fall g\u00f6r n\u00e5gra m\u00e5l, s\u00e4ger tjecken.<\/p>\n<p>Hanzl trivs i nya omgivningen<\/p>\n<p>Fyra m\u00e5l f\u00f6rra s\u00e4songen, och ett av de tv\u00e5 m\u00e5len har kommit mot Bryn\u00e4s under \u00e5rets s\u00e4song. Hans 3-1-m\u00e5l blev avg\u00f6rande, sedan Axel Jonsson Fj\u00e4llby styrt in 3-2 och skapat sp\u00e4nning i matchen.\u00a0<\/p>\n<p>\u2013 Det var v\u00e4l inte v\u00e5r b\u00e4sta match, men vi hittar v\u00e4gar att vinna. Alla matcher \u00e4r inte snygga eller bra. Jag tycker vi startar l\u00e5ngsamt ikv\u00e4ll, men kommer in i det bra.<\/p>\n<p><strong>Hur har det varit att spela f\u00f6r dig efter din l\u00e5nga skadefr\u00e5nvaro?<\/strong><\/p>\n<p>\u2013 Det var tufft de f\u00f6rsta tv\u00e5-tre matcherna. Jag var \u00e4nd\u00e5 borta i \u00e5tta veckor n\u00e4r jag var skadad och det \u00e4r sv\u00e5rt att hitta r\u00e4tt tajming och k\u00e4nsla i spelet. Nu tycker jag det rullar p\u00e5 helt annorlunda, och det \u00e4r kul att spela med Janne (Kuokkanen) och \u201dPajen\u201d (Pajuniemi).<\/p>\n<p><strong>Trivs du som center mellan finl\u00e4ndarna?<\/strong><\/p>\n<p>\u2013 Det k\u00e4nns faktiskt riktigt bra! De \u00e4r starka p\u00e5 pucken, och vill spela med den. Det \u00e4r inte bara sl\u00e5 bort den, utan vi hittar varandra bra, och jag tycker vi har roligt tillsammans i spelet. Men det blir kanske lite v\u00e4l snyggt ibland, tycker Robin Hanzl.<\/p>\n<p>Vill spela n\u00e5gra \u00e5r till<\/p>\n<p>Robin Hanzl har ett utg\u00e5ende kontrakt med <a href=\"https:\/\/www.expressen.se\/tagg\/organization\/malmo-redhawks\/\" class=\"\" rel=\"nofollow noopener\" target=\"_blank\">Malm\u00f6 Redhawks<\/a>, och p\u00e5 l\u00f6rdag fyller han 37 \u00e5r.<\/p>\n<p>Men planer p\u00e5 att l\u00e4gga av? Nej, det har han inte.<\/p>\n<p>\u2013 Det \u00e4r visserligen sv\u00e5rt att se l\u00e5ngt fram i den h\u00e4r \u00e5ldern, men jag k\u00e4nner att formen \u00e4r riktigt bra, och jag tror jag har n\u00e5gra \u00e5r kvar att spela. Det viktigaste \u00e4r att man h\u00e5ller kroppen frisk, jobbar h\u00e5rt f\u00f6r att h\u00e5lla sig i form, och har kul n\u00e4r man spelar.<\/p>\n<p><strong>Ni \u00e4r femma, och \u00e4r lika med V\u00e4xj\u00f6 i po\u00e4ng, som \u00e4r fyra i tabellen. \u00c4r det v\u00e4lf\u00f6rtj\u00e4nt?<\/strong><\/p>\n<p>\u2013 Det tycker jag verkligen. Det h\u00e4r \u00e4r en riktigt bra grupp. Vi har en tajt sammanh\u00e5llning, och man ser det p\u00e5 isen ocks\u00e5. Vi jobbar f\u00f6r varandra, och k\u00e4nslan \u00e4r att vi kan \u00e5stadkomma n\u00e5got riktigt speciellt h\u00e4r, s\u00e4ger Robin Hanzl.<\/p>\n","protected":false},"excerpt":{"rendered":"Publicerad 8 jan 2026 kl 21.13Uppdaterad kl 22.03 Bryn\u00e4s bombade p\u00e5 med skott, men formstarka Malm\u00f6 forts\u00e4tter hitta&hellip;\n","protected":false},"author":2,"featured_media":130163,"comment_status":"","ping_status":"","sticky":false,"template":"","format":"standard","meta":{"footnotes":""},"categories":[68],"tags":[824,2735,1179,34,255,823,111,110,31,33,32,30],"class_list":{"0":"post-130162","1":"post","2":"type-post","3":"status-publish","4":"format-standard","5":"has-post-thumbnail","7":"category-sport","8":"tag-organization-brynas-if","9":"tag-organization-malmo-redhawks","10":"tag-organization-shl","11":"tag-se","12":"tag-sections-ishockey","13":"tag-sections-shl","14":"tag-sport","15":"tag-sports","16":"tag-svenska","17":"tag-sverige","18":"tag-sweden","19":"tag-swedish"},"share_on_mastodon":{"url":"https:\/\/pubeurope.com\/@se\/115862934791613957","error":""},"_links":{"self":[{"href":"https:\/\/www.europesays.com\/se\/wp-json\/wp\/v2\/posts\/130162","targetHints":{"allow":["GET"]}}],"collection":[{"href":"https:\/\/www.europesays.com\/se\/wp-json\/wp\/v2\/posts"}],"about":[{"href":"https:\/\/www.europesays.com\/se\/wp-json\/wp\/v2\/types\/post"}],"author":[{"embeddable":true,"href":"https:\/\/www.europesays.com\/se\/wp-json\/wp\/v2\/users\/2"}],"replies":[{"embeddable":true,"href":"https:\/\/www.europesays.com\/se\/wp-json\/wp\/v2\/comments?post=130162"}],"version-history":[{"count":0,"href":"https:\/\/www.europesays.com\/se\/wp-json\/wp\/v2\/posts\/130162\/revisions"}],"wp:featuredmedia":[{"embeddable":true,"href":"https:\/\/www.europesays.com\/se\/wp-json\/wp\/v2\/media\/130163"}],"wp:attachment":[{"href":"https:\/\/www.europesays.com\/se\/wp-json\/wp\/v2\/media?parent=130162"}],"wp:term":[{"taxonomy":"category","embeddable":true,"href":"https:\/\/www.europesays.com\/se\/wp-json\/wp\/v2\/categories?post=130162"},{"taxonomy":"post_tag","embeddable":true,"href":"https:\/\/www.europesays.com\/se\/wp-json\/wp\/v2\/tags?post=130162"}],"curies":[{"name":"wp","href":"https:\/\/api.w.org\/{rel}","templated":true}]}}