{"id":130189,"date":"2026-01-09T04:06:36","date_gmt":"2026-01-09T04:06:36","guid":{"rendered":"https:\/\/www.europesays.com\/se\/130189\/"},"modified":"2026-01-09T04:06:36","modified_gmt":"2026-01-09T04:06:36","slug":"de-ar-finalister-till-studentbostadspriset-2025","status":"publish","type":"post","link":"https:\/\/www.europesays.com\/se\/130189\/","title":{"rendered":"De \u00e4r finalister till Studentbostadspriset 2025"},"content":{"rendered":"<p><a target=\"_blank\" href=\"https:\/\/press.studentbostadsforetagen.se\/posts\/pressreleases\/de-ar-finalister-till-studentbostadspriset-20\" rel=\"nofollow noopener\"><img decoding=\"async\" class=\"image\" src=\"https:\/\/www.europesays.com\/se\/wp-content\/uploads\/2026\/01\/Bc8TwJKsRuOoOFmThPwn.webp\" alt=\"Olika bilder fr\u00e5n de tre finalisterna, b\u00e5de fasad, interi\u00f6rer och detaljer. \"\/><\/a><\/p>\n<p><strong>Tre studentbostadsprojekt \u00e4r finalister till Studentbostadspriset 2025 \u2013 branschens eget pris f\u00f6r nyskapade studentbost\u00e4der. Tillsammans visar de hur l\u00e5g klimatp\u00e5verkan, sociala utrymmen och flexibla boendeformer kan skapa h\u00e5llbara och attraktiva studentbost\u00e4der.<\/strong><\/p>\n<p>De tre finalisterna Aquila (Akademiska Hus), Remus (Akademiska Hus) och Valvik (ByggVesta) finns i Stockholm och Uppsala och \u00e4r resultatet av b\u00e5de nybyggnation och \u00e5terbruk.<\/p>\n<p>\u2013 Studentbost\u00e4der st\u00e4ller h\u00f6ga krav p\u00e5 yteffektivitet, ekonomi och h\u00e5llbarhet. \u00c5rets finalister visar att det g\u00e5r att kombinera det med h\u00f6g arkitektonisk kvalitet och starka sociala v\u00e4rden. Det \u00e4r l\u00f6sningar som \u00e4r relevanta l\u00e5ngt utanf\u00f6r studentbostadssektorn, s\u00e4ger Stina Ol\u00e9n vd f\u00f6r Studentbostadsf\u00f6retagen.<\/p>\n<p>Studentbostadspriset fokuserar p\u00e5 innovation, h\u00e5llbarhet och utformning som m\u00f6ter studenternas behov. Gemensamt f\u00f6r \u00e5rets finalister \u00e4r fokus p\u00e5 b\u00e5de ekologisk och social h\u00e5llbarhet \u2013 fr\u00e5n \u00e5terbruk och klimatoptimering till delningsbost\u00e4der och gemensamma utrymmen i n\u00e4rheten av bostaden.<\/p>\n<p>\u2013 Det som f\u00f6renar de tre finalisterna \u00e4r att de \u00e4r byggda f\u00f6r gemenskap och sociala m\u00f6ten. I en tid d\u00e4r vi allt b\u00e4ttre f\u00f6rst\u00e5r bostadens roll i att f\u00f6rebygga ensamhet \u00e4r det roligt att se hur v\u00e5r bransch tar ansvar. Studentbostaden blir ett verktyg f\u00f6r ett h\u00e5llbart samh\u00e4lle och en viktig pusselbit i studenternas studietid, s\u00e4ger Stina Ol\u00e9n.<\/p>\n<p><strong>Finalister 2025<\/strong><\/p>\n<p><strong>Aquila &#8211; Akademiska Hus<br \/><\/strong>Nybyggda studentbost\u00e4der i Uppsala <br \/>Arkitekter: Arkitema AB och PE Teknik &amp; Arkitektur<\/p>\n<p><strong>Remus &#8211; Akademiska Hus<\/strong><br \/>Konverterade undervisningslokaler i Stockholm<br \/>Arkitekt: Arkitema AB<\/p>\n<p><strong>Valvik &#8211; Byggvesta<\/strong><br \/>Nybyggda studentbost\u00e4der i Stockholm<br \/>Arkitekt: White Arkitekter<\/p>\n<p><strong><a style=\"color: #0000ff;\" href=\"https:\/\/studentbostadsforetagen.se\/nyheter\/de-ar-finalister-till-studentbostadspriset-2025\/\" target=\"_blank\" rel=\"noopener nofollow\">L\u00e4s mer om finalisterna &gt;&gt;<\/a> <\/strong><\/p>\n<p><strong><a href=\"https:\/\/start.studentbostadsforetagen.se\/sbp2025\" target=\"_blank\" rel=\"noopener nofollow\">Anm\u00e4l dig till prisudelningen 29 januari &gt;&gt;<\/a><\/strong><\/p>\n<p><a target=\"_blank\" class=\"btn btn-green me-2 mt-1\" href=\"https:\/\/press.studentbostadsforetagen.se\/posts\/pressreleases\/de-ar-finalister-till-studentbostadspriset-20\" rel=\"nofollow noopener\">Read post on Studentbostadsf\u00f6retagen newsroom<\/a><a target=\"_blank\" class=\"btn btn-green mt-1\" href=\"https:\/\/press.studentbostadsforetagen.se\" rel=\"nofollow noopener\">Visit Studentbostadsf\u00f6retagen newsroom<\/a><\/p>\n","protected":false},"excerpt":{"rendered":"Tre studentbostadsprojekt \u00e4r finalister till Studentbostadspriset 2025 \u2013 branschens eget pris f\u00f6r nyskapade studentbost\u00e4der. Tillsammans visar de hur&hellip;\n","protected":false},"author":2,"featured_media":130190,"comment_status":"","ping_status":"","sticky":false,"template":"","format":"standard","meta":{"footnotes":""},"categories":[65],"tags":[72,70,71,34,31,33,32,30],"class_list":{"0":"post-130189","1":"post","2":"type-post","3":"status-publish","4":"format-standard","5":"has-post-thumbnail","7":"category-ekonomi","8":"tag-business","9":"tag-economy","10":"tag-ekonomi","11":"tag-se","12":"tag-svenska","13":"tag-sverige","14":"tag-sweden","15":"tag-swedish"},"share_on_mastodon":{"url":"https:\/\/pubeurope.com\/@se\/115863170798157729","error":""},"_links":{"self":[{"href":"https:\/\/www.europesays.com\/se\/wp-json\/wp\/v2\/posts\/130189","targetHints":{"allow":["GET"]}}],"collection":[{"href":"https:\/\/www.europesays.com\/se\/wp-json\/wp\/v2\/posts"}],"about":[{"href":"https:\/\/www.europesays.com\/se\/wp-json\/wp\/v2\/types\/post"}],"author":[{"embeddable":true,"href":"https:\/\/www.europesays.com\/se\/wp-json\/wp\/v2\/users\/2"}],"replies":[{"embeddable":true,"href":"https:\/\/www.europesays.com\/se\/wp-json\/wp\/v2\/comments?post=130189"}],"version-history":[{"count":0,"href":"https:\/\/www.europesays.com\/se\/wp-json\/wp\/v2\/posts\/130189\/revisions"}],"wp:featuredmedia":[{"embeddable":true,"href":"https:\/\/www.europesays.com\/se\/wp-json\/wp\/v2\/media\/130190"}],"wp:attachment":[{"href":"https:\/\/www.europesays.com\/se\/wp-json\/wp\/v2\/media?parent=130189"}],"wp:term":[{"taxonomy":"category","embeddable":true,"href":"https:\/\/www.europesays.com\/se\/wp-json\/wp\/v2\/categories?post=130189"},{"taxonomy":"post_tag","embeddable":true,"href":"https:\/\/www.europesays.com\/se\/wp-json\/wp\/v2\/tags?post=130189"}],"curies":[{"name":"wp","href":"https:\/\/api.w.org\/{rel}","templated":true}]}}